{"id":10072,"date":"2019-04-10T10:50:32","date_gmt":"2019-04-10T10:50:32","guid":{"rendered":"http:\/\/bckszczuczyn.pl\/?p=10072"},"modified":"2019-04-10T11:01:37","modified_gmt":"2019-04-10T11:01:37","slug":"kobieta-silna-byc-2","status":"publish","type":"post","link":"https:\/\/bckszczuczyn.pl\/?p=10072","title":{"rendered":"\u201eKobiet\u0105 siln\u0105 by\u0107\u2026!\u201d"},"content":{"rendered":"\n<p><strong><br><\/strong><\/p>\n\n\n\n<p>Dnia 09.04.19 r. po raz kolejny w Bibliotece-Centrum Kultury w Szczuczynie go\u015bcili\u015bmy niezwyk\u0142\u0105 osobowo\u015b\u0107 Pani\u0105 Ann\u0119 Sulewsk\u0105 \u2013psycholog, kt\u00f3ra przenios\u0142a nas w przer\u00f3\u017cne zak\u0105tki \u015bwiata kobiet. <br> Kobiet, kt\u00f3re ka\u017cdego dnia s\u0105 matkami, \u017conami, babciami, pracownicami, szefowymi\u2026 <br> Kobiet, kt\u00f3re maj\u0105 mn\u00f3stwo r\u00f3l i obowi\u0105zk\u00f3w do wykonania. <br> Kobiet, kt\u00f3re wzbudzaj\u0105 podziw i szacunek.&nbsp; <br> Kobiet, kt\u00f3re s\u0105 radosne i u\u015bmiechni\u0119te, a czasem sfrustrowane i z\u0142e.<br> Kobiet, kt\u00f3re musz\u0105 da\u0107 sobie rad\u0119, ale co kryj\u0105 w sobie? <br> O tym i wielu innych aspektach \u017cycia kobiet rozmawia\u0142y\u015bmy podczas tego ciekawego i buduj\u0105cego spotkania. Maria Sk\u0142odowska-Curie powiedzia\u0142a, \u017ce my kobiety <em>musimy mie\u0107 wytrwa\u0142o\u015b\u0107 i ponad wszystko wiar\u0119 w siebie<\/em> i tego si\u0119 trzymajmy. Bardzo dzi\u0119kuj\u0119 Pani Annie za niezwyk\u0142\u0105 podr\u00f3\u017c i cenne wskaz\u00f3wki, a tak\u017ce wszystkim paniom, kt\u00f3re w p\u0119dzie przed\u015bwi\u0105tecznych przygotowa\u0144 znalaz\u0142y chwil\u0119 \u017ceby si\u0119 zatrzyma\u0107. Wspomn\u0119 tylko jeszcze, \u017ce dzieciaki, kt\u00f3re przysz\u0142y z mamami uczestniczy\u0142y w zaj\u0119ciach z Izabel\u0105 Gwiazdowsk\u0105. Na koniec przytocz\u0119 wiersz brytyjskiej poetki i dziennikarki Jenny Joseph, kt\u00f3ry towarzyszy\u0142 na podczas spotkania.    <br>                                                                                    Anna Asus-Szklarzewska <br><\/p>\n\n\n\n<p><strong>Ostrze\u017cenie <\/strong><\/p>\n\n\n\n<p>Kiedy b\u0119d\u0119 star\u0105 kobiet\u0105 zaczn\u0119 nosi\u0107 purpurow\u0105 sukni\u0119<\/p>\n\n\n\n<p>Z czerwonym kapeluszem, cho\u0107 nie pasuje ani do mnie\nani do sukni<\/p>\n\n\n\n<p>I wydam ca\u0142\u0105 rent\u0119 na brandy i letnie r\u0119kawiczki<\/p>\n\n\n\n<p>I satynowe sanda\u0142y, cho\u0107 mo\u017ce mi zabraknie na mas\u0142o<\/p>\n\n\n\n<p>I b\u0119d\u0119 siada\u0107 na kraw\u0119\u017cnikach w chwili zm\u0119czenia<\/p>\n\n\n\n<p>I podjada\u0107 ciastka w cukierni i naciska\u0107 dzwonek\nalarmu<\/p>\n\n\n\n<p>I stuka\u0107 moj\u0105 lask\u0105 o p\u0142ot.<\/p>\n\n\n\n<p>Nadrobi\u0119 za wszystkie lata mojej powa\u017cnej m\u0142odo\u015bci<\/p>\n\n\n\n<p>B\u0119d\u0119 wychodzi\u0107 w kapciach na deszcz<\/p>\n\n\n\n<p>I zrywa\u0107 kwiaty w ogrodzie s\u0105siada<\/p>\n\n\n\n<p>I naucz\u0119 si\u0119 plu\u0107 na odleg\u0142o\u015b\u0107.<\/p>\n\n\n\n<p>B\u0119d\u0119 nosi\u0107 okropne bluzki i mo\u017ce si\u0119 roztyj\u0119<\/p>\n\n\n\n<p>I b\u0119d\u0119 je\u015b\u0107 naraz trzy kilo kie\u0142basy<\/p>\n\n\n\n<p>Albo tylko rzodkiewk\u0119 przez tydzie\u0144<\/p>\n\n\n\n<p>I b\u0119d\u0119 chomikowa\u0107 o\u0142\u00f3wki i kredki<\/p>\n\n\n\n<p>Ale p\u00f3ki co musz\u0119 nosi\u0107 ciep\u0142e ubrania<\/p>\n\n\n\n<p>I dawa\u0107 dobry przyk\u0142ad dzieciom<\/p>\n\n\n\n<p>Zaprasza\u0107 przyjaci\u00f3\u0142 na obiad <\/p>\n\n\n\n<p>I czyta\u0107 gazety<\/p>\n\n\n\n<p>Ale mo\u017ce powinnam po\u0107wiczy\u0107 ju\u017c dzi\u015b?<\/p>\n\n\n\n<p>\u017beby ci co mnie znaj\u0105 nie byli za bardzo zdziwieni<\/p>\n\n\n\n<p>Kiedy na staro\u015b\u0107 zaczn\u0119 nosi\u0107 purpurow\u0105 sukni\u0119.<\/p>\n\n\n\n<ul class=\"wp-block-gallery columns-3 is-cropped wp-block-gallery-1 is-layout-flex wp-block-gallery-is-layout-flex\"><li class=\"blocks-gallery-item\"><figure><img loading=\"lazy\" decoding=\"async\" width=\"800\" height=\"533\" src=\"http:\/\/bckszczuczyn.pl\/wp-content\/uploads\/2019\/04\/DSC_0003.jpg\" alt=\"\" data-id=\"10073\" data-link=\"http:\/\/bckszczuczyn.pl\/?attachment_id=10073\" class=\"wp-image-10073\" srcset=\"https:\/\/bckszczuczyn.pl\/wp-content\/uploads\/2019\/04\/DSC_0003.jpg 800w, https:\/\/bckszczuczyn.pl\/wp-content\/uploads\/2019\/04\/DSC_0003-300x200.jpg 300w, https:\/\/bckszczuczyn.pl\/wp-content\/uploads\/2019\/04\/DSC_0003-768x512.jpg 768w\" sizes=\"auto, (max-width: 800px) 100vw, 800px\" \/><\/figure><\/li><li class=\"blocks-gallery-item\"><figure><img loading=\"lazy\" decoding=\"async\" width=\"800\" height=\"533\" src=\"http:\/\/bckszczuczyn.pl\/wp-content\/uploads\/2019\/04\/DSC_0005.jpg\" alt=\"\" data-id=\"10074\" data-link=\"http:\/\/bckszczuczyn.pl\/?attachment_id=10074\" class=\"wp-image-10074\" srcset=\"https:\/\/bckszczuczyn.pl\/wp-content\/uploads\/2019\/04\/DSC_0005.jpg 800w, https:\/\/bckszczuczyn.pl\/wp-content\/uploads\/2019\/04\/DSC_0005-300x200.jpg 300w, https:\/\/bckszczuczyn.pl\/wp-content\/uploads\/2019\/04\/DSC_0005-768x512.jpg 768w\" sizes=\"auto, (max-width: 800px) 100vw, 800px\" \/><\/figure><\/li><li class=\"blocks-gallery-item\"><figure><img loading=\"lazy\" decoding=\"async\" width=\"800\" height=\"533\" src=\"http:\/\/bckszczuczyn.pl\/wp-content\/uploads\/2019\/04\/DSC_0006-1.jpg\" alt=\"\" data-id=\"10075\" data-link=\"http:\/\/bckszczuczyn.pl\/?attachment_id=10075\" class=\"wp-image-10075\" srcset=\"https:\/\/bckszczuczyn.pl\/wp-content\/uploads\/2019\/04\/DSC_0006-1.jpg 800w, https:\/\/bckszczuczyn.pl\/wp-content\/uploads\/2019\/04\/DSC_0006-1-300x200.jpg 300w, https:\/\/bckszczuczyn.pl\/wp-content\/uploads\/2019\/04\/DSC_0006-1-768x512.jpg 768w\" sizes=\"auto, (max-width: 800px) 100vw, 800px\" \/><\/figure><\/li><li class=\"blocks-gallery-item\"><figure><img loading=\"lazy\" decoding=\"async\" width=\"800\" height=\"533\" src=\"http:\/\/bckszczuczyn.pl\/wp-content\/uploads\/2019\/04\/DSC_0026.jpg\" alt=\"\" data-id=\"10076\" data-link=\"http:\/\/bckszczuczyn.pl\/?attachment_id=10076\" class=\"wp-image-10076\" srcset=\"https:\/\/bckszczuczyn.pl\/wp-content\/uploads\/2019\/04\/DSC_0026.jpg 800w, https:\/\/bckszczuczyn.pl\/wp-content\/uploads\/2019\/04\/DSC_0026-300x200.jpg 300w, https:\/\/bckszczuczyn.pl\/wp-content\/uploads\/2019\/04\/DSC_0026-768x512.jpg 768w\" sizes=\"auto, (max-width: 800px) 100vw, 800px\" \/><\/figure><\/li><li class=\"blocks-gallery-item\"><figure><img loading=\"lazy\" decoding=\"async\" width=\"800\" height=\"533\" src=\"http:\/\/bckszczuczyn.pl\/wp-content\/uploads\/2019\/04\/DSC_0027-1.jpg\" alt=\"\" data-id=\"10077\" data-link=\"http:\/\/bckszczuczyn.pl\/?attachment_id=10077\" class=\"wp-image-10077\" srcset=\"https:\/\/bckszczuczyn.pl\/wp-content\/uploads\/2019\/04\/DSC_0027-1.jpg 800w, https:\/\/bckszczuczyn.pl\/wp-content\/uploads\/2019\/04\/DSC_0027-1-300x200.jpg 300w, https:\/\/bckszczuczyn.pl\/wp-content\/uploads\/2019\/04\/DSC_0027-1-768x512.jpg 768w\" sizes=\"auto, (max-width: 800px) 100vw, 800px\" \/><\/figure><\/li><\/ul>\n\n\n\n<p>  &nbsp; &nbsp; &nbsp; &nbsp; &nbsp; &nbsp; &nbsp; &nbsp; &nbsp; &nbsp; &nbsp; &nbsp; &nbsp; &nbsp; &nbsp; &nbsp; &nbsp; &nbsp; &nbsp; &nbsp; &nbsp; &nbsp; &nbsp; &nbsp; &nbsp; &nbsp; &nbsp; &nbsp; &nbsp; &nbsp; &nbsp; &nbsp; &nbsp; &nbsp; &nbsp; &nbsp; &nbsp; &nbsp; &nbsp; &nbsp; &nbsp; &nbsp;  <br><\/p>\n\n\n\n<ul class=\"wp-block-gallery columns-1 is-cropped wp-block-gallery-2 is-layout-flex wp-block-gallery-is-layout-flex\"><li class=\"blocks-gallery-item\"><figure><img loading=\"lazy\" decoding=\"async\" width=\"1024\" height=\"683\" src=\"http:\/\/bckszczuczyn.pl\/wp-content\/uploads\/2019\/04\/DSC_0017-1024x683.jpg\" alt=\"\" data-id=\"10082\" data-link=\"http:\/\/bckszczuczyn.pl\/?attachment_id=10082\" class=\"wp-image-10082\" srcset=\"https:\/\/bckszczuczyn.pl\/wp-content\/uploads\/2019\/04\/DSC_0017-1024x683.jpg 1024w, https:\/\/bckszczuczyn.pl\/wp-content\/uploads\/2019\/04\/DSC_0017-300x200.jpg 300w, https:\/\/bckszczuczyn.pl\/wp-content\/uploads\/2019\/04\/DSC_0017-768x512.jpg 768w\" sizes=\"auto, (max-width: 1024px) 100vw, 1024px\" \/><\/figure><\/li><\/ul>\n","protected":false},"excerpt":{"rendered":"<p>Dnia 09.04.19 r. po raz kolejny w Bibliotece-Centrum Kultury w Szczuczynie go\u015bcili\u015bmy niezwyk\u0142\u0105 osobowo\u015b\u0107 Pani\u0105 Ann\u0119 Sulewsk\u0105 \u2013psycholog, kt\u00f3ra przenios\u0142a nas w przer\u00f3\u017cne zak\u0105tki \u015bwiata kobiet. Kobiet, kt\u00f3re ka\u017cdego dnia s\u0105 matkami, \u017conami, babciami, pracownicami, szefowymi\u2026 Kobiet, kt\u00f3re maj\u0105 mn\u00f3stwo r\u00f3l i obowi\u0105zk\u00f3w do wykonania.&nbsp;<a class=\"read-more\" href=\"https:\/\/bckszczuczyn.pl\/?p=10072\">&hellip;<\/a><\/p>\n","protected":false},"author":1,"featured_media":10073,"comment_status":"open","ping_status":"open","sticky":false,"template":"","format":"standard","meta":{"footnotes":""},"categories":[4],"tags":[],"class_list":["post-10072","post","type-post","status-publish","format-standard","has-post-thumbnail","hentry","category-z-zycia-bck-w-szczuczynie"],"_links":{"self":[{"href":"https:\/\/bckszczuczyn.pl\/index.php?rest_route=\/wp\/v2\/posts\/10072","targetHints":{"allow":["GET"]}}],"collection":[{"href":"https:\/\/bckszczuczyn.pl\/index.php?rest_route=\/wp\/v2\/posts"}],"about":[{"href":"https:\/\/bckszczuczyn.pl\/index.php?rest_route=\/wp\/v2\/types\/post"}],"author":[{"embeddable":true,"href":"https:\/\/bckszczuczyn.pl\/index.php?rest_route=\/wp\/v2\/users\/1"}],"replies":[{"embeddable":true,"href":"https:\/\/bckszczuczyn.pl\/index.php?rest_route=%2Fwp%2Fv2%2Fcomments&post=10072"}],"version-history":[{"count":6,"href":"https:\/\/bckszczuczyn.pl\/index.php?rest_route=\/wp\/v2\/posts\/10072\/revisions"}],"predecessor-version":[{"id":10084,"href":"https:\/\/bckszczuczyn.pl\/index.php?rest_route=\/wp\/v2\/posts\/10072\/revisions\/10084"}],"wp:featuredmedia":[{"embeddable":true,"href":"https:\/\/bckszczuczyn.pl\/index.php?rest_route=\/wp\/v2\/media\/10073"}],"wp:attachment":[{"href":"https:\/\/bckszczuczyn.pl\/index.php?rest_route=%2Fwp%2Fv2%2Fmedia&parent=10072"}],"wp:term":[{"taxonomy":"category","embeddable":true,"href":"https:\/\/bckszczuczyn.pl\/index.php?rest_route=%2Fwp%2Fv2%2Fcategories&post=10072"},{"taxonomy":"post_tag","embeddable":true,"href":"https:\/\/bckszczuczyn.pl\/index.php?rest_route=%2Fwp%2Fv2%2Ftags&post=10072"}],"curies":[{"name":"wp","href":"https:\/\/api.w.org\/{rel}","templated":true}]}}