{"id":18328,"date":"2020-12-03T12:06:33","date_gmt":"2020-12-03T12:06:33","guid":{"rendered":"http:\/\/bckszczuczyn.pl\/?p=18328"},"modified":"2020-12-03T12:06:33","modified_gmt":"2020-12-03T12:06:33","slug":"bohaterowie-tropem-wilczym-bieg-pamieci-zolnierzy-wykletych-edycji-2021","status":"publish","type":"post","link":"https:\/\/bckszczuczyn.pl\/?p=18328","title":{"rendered":"BOHATEROWIE &#8222;TROPEM WILCZYM. BIEG PAMI\u0118CI \u017bO\u0141NIERZY WYKL\u0118TYCH&#8221; edycji 2021"},"content":{"rendered":"\n<p><a href=\"https:\/\/www.facebook.com\/Biblioteka-Centrum-Kultury-w-Szczuczynie-624654161005925\/?__cft__[0]=AZVJtbNenZ5WXqP0-XStP6baWujeJbJPGKPltBuip4l5IdW83yRizC8ohQVPoBJGnHqyVk2C_-jWxf4YGSjJIUg4UawWAybXTlmbinvJkn_9Y11coGdKabVtpXDcn65N9cuJNLE_ofjIIboPma4FfHnH&amp;__tn__=kK-R\">Biblioteka &#8211; Centrum Kultury w Szczuczynie<\/a><\/p>\n\n\n\n<p>LOKALNY ORGANIZATOR TROPEM WILCZYM W SZCZUCZYNIE W 2021 ROKU<\/p>\n\n\n\n<p>BOHATEROWIE &#8222;TROPEM WILCZYM. BIEG PAMI\u0118CI \u017bO\u0141NIERZY WYKL\u0118TYCH&#8221; edycji 2021<\/p>\n\n\n\n<p>Danuta Siedzik\u00f3wna, ps. INKA. <\/p>\n\n\n\n<p>Zamordowana 28 sierpnia 1946 roku. Sanitariuszka IV szwadronu, V Wile\u0144skiej Brygady AK. Bohaterka IX edycji Biegu Tropem Wilczym. Edycji dedykowanej s\u0142u\u017cbom medycznym. Tamtym i tym dzisiejszym.Rozpoznajemy j\u0105 bez problemu nawet na zdj\u0119ciach z wczesnego dzieci\u0144stwa. Z grupy dziewczyn te\u017c bez b\u0142\u0119du wska\u017cemy Ink\u0119. Nie dlatego, \u017ce cz\u0119sto nosi czapk\u0119 na bakier ani dlatego, \u017ce na wi\u0119kszo\u015bci le\u015bnych zdj\u0119\u0107 ma na ramieniu opask\u0119 sanitariuszki. Po prostu jej twarz zobaczona po raz pierwszy ju\u017c na zawsze pozostaje w pami\u0119ci. Na zdj\u0119ciach \u015bmieje si\u0119 do nas, patrzy nam w oczy jak ka\u017cda m\u0142oda, weso\u0142a dziewczyna. Otoczona kole\u017cankami, rodzin\u0105, ch\u0142opakami z oddzia\u0142u. Lubiana. To wida\u0107. Znamy jej histori\u0119, bo jest ikon\u0105 Niez\u0142omnych. Dlaczego?Bo ta m\u0142odziutka dziewczyna, kiedy zosta\u0142a aresztowana, kiedy brutalnie j\u0105 przes\u0142uchiwano, kiedy odbierano jej godno\u015b\u0107, odzierano z praw cz\u0142owieka, katowano, poni\u017cano, straszono \u2013 nie wyda\u0142a nikogo, nie wypar\u0142a si\u0119 tego co dla niej by\u0142o \u015bwi\u0119te, nie da\u0142a si\u0119 z\u0142ama\u0107. Nie p\u0119k\u0142a w piekle, kt\u00f3re \u0142ama\u0142o najtwardszych ch\u0142opak\u00f3w, hartowanych frontem, zimnem, g\u0142odem, i wieloletnim igraniem ze \u015bmierci\u0105. A ona, ta niespe\u0142na osiemnastoletnia dziewczyna \u2013 przetrwa\u0142a. Co sprawi\u0142o, \u017ce nie wystraszy\u0142o jej piek\u0142o b\u00f3lu, wyrok \u015bmierci? No w\u0142a\u015bnie\u2026 <\/p>\n\n\n\n<p>\u0179r\u00f3d\u0142o: <a href=\"https:\/\/www.facebook.com\/TropemWilczym\/?__cft__[0]=AZVJtbNenZ5WXqP0-XStP6baWujeJbJPGKPltBuip4l5IdW83yRizC8ohQVPoBJGnHqyVk2C_-jWxf4YGSjJIUg4UawWAybXTlmbinvJkn_9Y11coGdKabVtpXDcn65N9cuJNLE_ofjIIboPma4FfHnH&amp;__tn__=kK-R\">tropemwilczym.pl<\/a><\/p>\n\n\n\n<figure class=\"wp-block-gallery columns-1 is-cropped wp-block-gallery-1 is-layout-flex wp-block-gallery-is-layout-flex\"><ul class=\"blocks-gallery-grid\"><li class=\"blocks-gallery-item\"><figure><img loading=\"lazy\" decoding=\"async\" width=\"835\" height=\"418\" src=\"http:\/\/bckszczuczyn.pl\/wp-content\/uploads\/2020\/12\/126213126_2839819402913731_7101252925950086564_n.jpg\" alt=\"\" data-id=\"18329\" data-full-url=\"http:\/\/bckszczuczyn.pl\/wp-content\/uploads\/2020\/12\/126213126_2839819402913731_7101252925950086564_n.jpg\" data-link=\"http:\/\/bckszczuczyn.pl\/?attachment_id=18329\" class=\"wp-image-18329\" srcset=\"https:\/\/bckszczuczyn.pl\/wp-content\/uploads\/2020\/12\/126213126_2839819402913731_7101252925950086564_n.jpg 835w, https:\/\/bckszczuczyn.pl\/wp-content\/uploads\/2020\/12\/126213126_2839819402913731_7101252925950086564_n-300x150.jpg 300w, https:\/\/bckszczuczyn.pl\/wp-content\/uploads\/2020\/12\/126213126_2839819402913731_7101252925950086564_n-768x384.jpg 768w\" sizes=\"auto, (max-width: 835px) 100vw, 835px\" \/><\/figure><\/li><\/ul><\/figure>\n","protected":false},"excerpt":{"rendered":"<p>Biblioteka &#8211; Centrum Kultury w Szczuczynie LOKALNY ORGANIZATOR TROPEM WILCZYM W SZCZUCZYNIE W 2021 ROKU BOHATEROWIE &#8222;TROPEM WILCZYM. BIEG PAMI\u0118CI \u017bO\u0141NIERZY WYKL\u0118TYCH&#8221; edycji 2021 Danuta Siedzik\u00f3wna, ps. INKA. Zamordowana 28 sierpnia 1946 roku. Sanitariuszka IV szwadronu, V Wile\u0144skiej Brygady AK. Bohaterka IX edycji Biegu Tropem&nbsp;<a class=\"read-more\" href=\"https:\/\/bckszczuczyn.pl\/?p=18328\">&hellip;<\/a><\/p>\n","protected":false},"author":1,"featured_media":18329,"comment_status":"open","ping_status":"open","sticky":false,"template":"","format":"standard","meta":{"footnotes":""},"categories":[4],"tags":[],"class_list":["post-18328","post","type-post","status-publish","format-standard","has-post-thumbnail","hentry","category-z-zycia-bck-w-szczuczynie"],"_links":{"self":[{"href":"https:\/\/bckszczuczyn.pl\/index.php?rest_route=\/wp\/v2\/posts\/18328","targetHints":{"allow":["GET"]}}],"collection":[{"href":"https:\/\/bckszczuczyn.pl\/index.php?rest_route=\/wp\/v2\/posts"}],"about":[{"href":"https:\/\/bckszczuczyn.pl\/index.php?rest_route=\/wp\/v2\/types\/post"}],"author":[{"embeddable":true,"href":"https:\/\/bckszczuczyn.pl\/index.php?rest_route=\/wp\/v2\/users\/1"}],"replies":[{"embeddable":true,"href":"https:\/\/bckszczuczyn.pl\/index.php?rest_route=%2Fwp%2Fv2%2Fcomments&post=18328"}],"version-history":[{"count":1,"href":"https:\/\/bckszczuczyn.pl\/index.php?rest_route=\/wp\/v2\/posts\/18328\/revisions"}],"predecessor-version":[{"id":18330,"href":"https:\/\/bckszczuczyn.pl\/index.php?rest_route=\/wp\/v2\/posts\/18328\/revisions\/18330"}],"wp:featuredmedia":[{"embeddable":true,"href":"https:\/\/bckszczuczyn.pl\/index.php?rest_route=\/wp\/v2\/media\/18329"}],"wp:attachment":[{"href":"https:\/\/bckszczuczyn.pl\/index.php?rest_route=%2Fwp%2Fv2%2Fmedia&parent=18328"}],"wp:term":[{"taxonomy":"category","embeddable":true,"href":"https:\/\/bckszczuczyn.pl\/index.php?rest_route=%2Fwp%2Fv2%2Fcategories&post=18328"},{"taxonomy":"post_tag","embeddable":true,"href":"https:\/\/bckszczuczyn.pl\/index.php?rest_route=%2Fwp%2Fv2%2Ftags&post=18328"}],"curies":[{"name":"wp","href":"https:\/\/api.w.org\/{rel}","templated":true}]}}