{"id":19275,"date":"2021-04-23T08:53:17","date_gmt":"2021-04-23T08:53:17","guid":{"rendered":"http:\/\/bckszczuczyn.pl\/?p=19275"},"modified":"2021-04-23T08:53:17","modified_gmt":"2021-04-23T08:53:17","slug":"swiatowy-dzien-ksiazki-i-praw-autorskich-3","status":"publish","type":"post","link":"https:\/\/bckszczuczyn.pl\/?p=19275","title":{"rendered":"\u015awiatowy Dzie\u0144 Ksi\u0105\u017cki i Praw Autorskich"},"content":{"rendered":"\n<p class=\"has-vivid-red-color has-text-color has-medium-font-size\">         23 kwietnia obchodzimy \u015awiatowy Dzie\u0144 Ksi\u0105\u017cki i&nbsp;Praw Autorskich. \u015awi\u0119to to ustanowi\u0142o&nbsp;w 1995 roku UNESCO, na wniosek rz\u0105du Hiszpanii i&nbsp;Mi\u0119dzynarodowej Unii Wydawc\u00f3w. 23 kwietnia to szczeg\u00f3lna data w&nbsp;historii literatury \u015bwiatowej \u2013 rocznica urodzin lub \u015bmierci takich pisarzy, jak: Miguel de Cervantes, William Shakespeare, Vladimir Nabokov. W Hiszpanii Dzie\u0144 Ksi\u0105\u017cki jest \u015bwi\u0119tem oficjalnym od roku 1930, a od 1964 \u2013 we wszystkich krajach hiszpa\u0144skoj\u0119zycznych, w Polsce od 2007 roku.<br>&nbsp;&nbsp;&nbsp;&nbsp;&nbsp;&nbsp;&nbsp;&nbsp; Z okazji \u015awiatowego Dnia Ksi\u0105\u017cki i&nbsp;Praw Autorskich na ca\u0142ym \u015bwiecie podejmowane s\u0105 r\u00f3\u017cne inicjatywy, kt\u00f3re s\u0142u\u017c\u0105 promocji: czytelnictwa oraz ochrony praw autorskich i&nbsp;w\u0142asno\u015bci intelektualnej. W\u0142a\u015bnie w tym szczeg\u00f3lnym dniu Biblioteka \u2013 Centrum Kultury w Szczuczynie og\u0142asza konkurs informatyczny adresowany do uczni\u00f3w szk\u00f3\u0142 podstawowych w gminie Szczuczyn pt. \u201eZ ksi\u0105\u017ck\u0105 na weso\u0142o\u201d. Wiersze dotycz\u0105cego tematycznie ksi\u0105\u017cki, biblioteki i czytania przeczytali pracownicy biblioteki: Janusz Siemion, Anna Wojs\u0142aw, Andrzej Kosmowski, Ewa Borusiewicz i Anna Chmielewska.<br>Film kt\u00f3ry powsta\u0142 pod czujnym okiem \u201ere\u017cysera i monta\u017cysty\u201d Andrzeja Szabelskiego zosta\u0142 opublikowany na naszych stronach internetowych oraz portalach spo\u0142eczno\u015bciowych.<br><\/p>\n\n\n\n<figure class=\"wp-block-embed is-type-video is-provider-youtube wp-block-embed-youtube wp-embed-aspect-16-9 wp-has-aspect-ratio\"><div class=\"wp-block-embed__wrapper\">\n<iframe loading=\"lazy\" title=\"2021 kwiecie\u0144 23 \u015awiatowy Dzie\u0144 Ksi\u0105\u017cki i Praw Autorskich   Szczuczyn\" width=\"1200\" height=\"675\" src=\"https:\/\/www.youtube.com\/embed\/-eyhcvZVaV0?feature=oembed\" frameborder=\"0\" allow=\"accelerometer; autoplay; clipboard-write; encrypted-media; gyroscope; picture-in-picture\" allowfullscreen><\/iframe>\n<\/div><\/figure>\n\n\n\n<p class=\"has-vivid-cyan-blue-color has-text-color has-medium-font-size\">Serdecznie zapraszamy do w\u0142\u0105czenia si\u0119 w obchody \u015awiatowego Dnia Ksi\u0105\u017cki i Praw Autorskich, obejrzenia filmu i wzi\u0119cia udzia\u0142u w konkursie pt. \u201eZ ksi\u0105\u017ck\u0105 na weso\u0142o\u201d.<\/p>\n\n\n\n<p class=\"has-black-color has-text-color\"><em>Anna Wojs\u0142aw<\/em><\/p>\n\n\n\n<figure class=\"wp-block-image size-large\"><img loading=\"lazy\" decoding=\"async\" width=\"759\" height=\"1024\" src=\"http:\/\/bckszczuczyn.pl\/wp-content\/uploads\/2021\/04\/PLAKAT-759x1024.jpg\" alt=\"\" class=\"wp-image-19284\" srcset=\"https:\/\/bckszczuczyn.pl\/wp-content\/uploads\/2021\/04\/PLAKAT-759x1024.jpg 759w, https:\/\/bckszczuczyn.pl\/wp-content\/uploads\/2021\/04\/PLAKAT-222x300.jpg 222w, https:\/\/bckszczuczyn.pl\/wp-content\/uploads\/2021\/04\/PLAKAT-768x1037.jpg 768w, https:\/\/bckszczuczyn.pl\/wp-content\/uploads\/2021\/04\/PLAKAT-1138x1536.jpg 1138w, https:\/\/bckszczuczyn.pl\/wp-content\/uploads\/2021\/04\/PLAKAT-1517x2048.jpg 1517w, https:\/\/bckszczuczyn.pl\/wp-content\/uploads\/2021\/04\/PLAKAT-scaled.jpg 1897w\" sizes=\"auto, (max-width: 759px) 100vw, 759px\" \/><\/figure>\n\n\n\n<p class=\"has-text-align-center has-vivid-purple-color has-text-color has-large-font-size\"><strong>Konkurs informatyczny<br>\u201eZ ksi\u0105\u017ck\u0105 na weso\u0142o\u201d<\/strong><\/p>\n\n\n\n<p class=\"has-vivid-cyan-blue-color has-text-color has-medium-font-size\">&nbsp;&nbsp;&nbsp;&nbsp;&nbsp;&nbsp;&nbsp;&nbsp; Z okazji obchod\u00f3w \u015awitowego Dnia Ksi\u0105\u017cki i Prawa Autorskich Biblioteka \u2013 Centrum Kultury w Szczuczynie zaprasza uczni\u00f3w szk\u00f3\u0142 podstawowych do udzia\u0142u w konkursie informatycznym \u201eZ ksi\u0105\u017ck\u0105 na weso\u0142o\u201d.<br>1. Konkurs polega na stworzeniu zabawnego mema dotycz\u0105cego tematycznie ksi\u0105\u017cki, biblioteki czy czytania.<br>2. Uczestnikami konkursu mog\u0105 by\u0107 uczniowie klas I-VIII.<br>3. Jeden uczestnik mo\u017ce zg\u0142osi\u0107 do konkursu jedn\u0105 prace.<br>4. Zg\u0142oszony do konkursu mem nie mo\u017ce personalnie nikogo obra\u017ca\u0107 ani wy\u015bmiewa\u0107.<br>5. Memy nale\u017cy tworzy\u0107 w oparciu o w\u0142asne pomys\u0142y, za pomoc\u0105 dowolnej aplikacji (np. <a href=\"https:\/\/www.canva.com\/pl_pl\/tworzyc\/memy\/\">https:\/\/www.canva.com\/pl_pl\/tworzyc\/memy\/<\/a>).<br>6. Prace zg\u0142oszone do konkursu powinny by\u0107 tylko w wersji elektronicznej, zapisane w formatach: jpg lub png.<br>7. Memy nale\u017cy wys\u0142a\u0107 na adres: bckszczuczyn@wp.pl, w tytule wiadomo\u015bci wpisuj\u0105c: konkurs &#8211; <strong>\u201eZ ksi\u0105\u017ck\u0105 na weso\u0142o\u201d<\/strong>. W wiadomo\u015bci trzeba poda\u0107 imi\u0119 i nazwisko autora mema oraz wiek i numer telefonu do kontaktu.<br>8. Prace na konkurs nale\u017cy przesy\u0142a\u0107 do 21.05.2021 r.<br>9. Najciekawsze i najzabawniejszy prace wy\u0142oni komisja konkursowa. Autorzy najwy\u017cej ocenionych mem\u00f3w otrzymaj\u0105 nagrody rzeczowe i dyplomy.<br>10. Wszystkie memy zostan\u0105 opublikowane na naszych stronach internetowych oraz portalach spo\u0142eczno\u015bciowych. <br>11. Prace kt\u00f3re zostan\u0105 najwy\u017cej ocenione przez jury, b\u0119d\u0105 wydrukowane w formie plakat\u00f3w.<br>12. Nades\u0142anie do nas pracy r\u00f3wnoznaczne jest z:<br>&#8211; akceptacj\u0105 regulaminu;<br>&#8211; zgod\u0105 na rozpowszechnianie i publikacj\u0119 nades\u0142anej pracy;<br>&#8211; zgod\u0105 na przetwarzanie wizerunku i danych osobowych m.in.: imi\u0119, nazwisko i wiek,<br>13. Wszelkie pytania zwi\u0105zane z konkursem mo\u017cna uzyska\u0107 pod nr telefonu: 513&nbsp;667&nbsp;577 \u2013 Anna Wojs\u0142aw.<\/p>\n\n\n\n<p><\/p>\n","protected":false},"excerpt":{"rendered":"<p>23 kwietnia obchodzimy \u015awiatowy Dzie\u0144 Ksi\u0105\u017cki i&nbsp;Praw Autorskich. \u015awi\u0119to to ustanowi\u0142o&nbsp;w 1995 roku UNESCO, na wniosek rz\u0105du Hiszpanii i&nbsp;Mi\u0119dzynarodowej Unii Wydawc\u00f3w. 23 kwietnia to szczeg\u00f3lna data w&nbsp;historii literatury \u015bwiatowej \u2013 rocznica urodzin lub \u015bmierci takich pisarzy, jak: Miguel de Cervantes, William Shakespeare, Vladimir Nabokov. W&nbsp;<a class=\"read-more\" href=\"https:\/\/bckszczuczyn.pl\/?p=19275\">&hellip;<\/a><\/p>\n","protected":false},"author":1,"featured_media":19277,"comment_status":"open","ping_status":"open","sticky":false,"template":"","format":"standard","meta":{"footnotes":""},"categories":[4],"tags":[],"class_list":["post-19275","post","type-post","status-publish","format-standard","has-post-thumbnail","hentry","category-z-zycia-bck-w-szczuczynie"],"_links":{"self":[{"href":"https:\/\/bckszczuczyn.pl\/index.php?rest_route=\/wp\/v2\/posts\/19275","targetHints":{"allow":["GET"]}}],"collection":[{"href":"https:\/\/bckszczuczyn.pl\/index.php?rest_route=\/wp\/v2\/posts"}],"about":[{"href":"https:\/\/bckszczuczyn.pl\/index.php?rest_route=\/wp\/v2\/types\/post"}],"author":[{"embeddable":true,"href":"https:\/\/bckszczuczyn.pl\/index.php?rest_route=\/wp\/v2\/users\/1"}],"replies":[{"embeddable":true,"href":"https:\/\/bckszczuczyn.pl\/index.php?rest_route=%2Fwp%2Fv2%2Fcomments&post=19275"}],"version-history":[{"count":4,"href":"https:\/\/bckszczuczyn.pl\/index.php?rest_route=\/wp\/v2\/posts\/19275\/revisions"}],"predecessor-version":[{"id":19285,"href":"https:\/\/bckszczuczyn.pl\/index.php?rest_route=\/wp\/v2\/posts\/19275\/revisions\/19285"}],"wp:featuredmedia":[{"embeddable":true,"href":"https:\/\/bckszczuczyn.pl\/index.php?rest_route=\/wp\/v2\/media\/19277"}],"wp:attachment":[{"href":"https:\/\/bckszczuczyn.pl\/index.php?rest_route=%2Fwp%2Fv2%2Fmedia&parent=19275"}],"wp:term":[{"taxonomy":"category","embeddable":true,"href":"https:\/\/bckszczuczyn.pl\/index.php?rest_route=%2Fwp%2Fv2%2Fcategories&post=19275"},{"taxonomy":"post_tag","embeddable":true,"href":"https:\/\/bckszczuczyn.pl\/index.php?rest_route=%2Fwp%2Fv2%2Ftags&post=19275"}],"curies":[{"name":"wp","href":"https:\/\/api.w.org\/{rel}","templated":true}]}}