{"id":23665,"date":"2022-03-31T07:35:56","date_gmt":"2022-03-31T07:35:56","guid":{"rendered":"http:\/\/bckszczuczyn.pl\/?p=23665"},"modified":"2022-03-31T07:35:56","modified_gmt":"2022-03-31T07:35:56","slug":"droga-krzyzowa-w-szczuczynie-2","status":"publish","type":"post","link":"https:\/\/bckszczuczyn.pl\/?p=23665","title":{"rendered":"Droga Krzy\u017cowa w Szczuczynie"},"content":{"rendered":"\n<figure class=\"wp-block-gallery has-nested-images columns-default is-cropped wp-block-gallery-1 is-layout-flex wp-block-gallery-is-layout-flex\">\n<figure class=\"wp-block-image size-large\"><img loading=\"lazy\" decoding=\"async\" width=\"751\" height=\"1024\" data-id=\"23666\" src=\"http:\/\/bckszczuczyn.pl\/wp-content\/uploads\/2022\/03\/droga-krzyzowa-2022-751x1024.jpg\" alt=\"\" class=\"wp-image-23666\" srcset=\"https:\/\/bckszczuczyn.pl\/wp-content\/uploads\/2022\/03\/droga-krzyzowa-2022-751x1024.jpg 751w, https:\/\/bckszczuczyn.pl\/wp-content\/uploads\/2022\/03\/droga-krzyzowa-2022-220x300.jpg 220w, https:\/\/bckszczuczyn.pl\/wp-content\/uploads\/2022\/03\/droga-krzyzowa-2022-768x1047.jpg 768w, https:\/\/bckszczuczyn.pl\/wp-content\/uploads\/2022\/03\/droga-krzyzowa-2022-1127x1536.jpg 1127w, https:\/\/bckszczuczyn.pl\/wp-content\/uploads\/2022\/03\/droga-krzyzowa-2022-1503x2048.jpg 1503w, https:\/\/bckszczuczyn.pl\/wp-content\/uploads\/2022\/03\/droga-krzyzowa-2022-scaled.jpg 1878w\" sizes=\"auto, (max-width: 751px) 100vw, 751px\" \/><\/figure>\n<\/figure>\n\n\n\n<p><strong>Proboszcz Parafii p.w. Imienia Naj\u015bwi\u0119tszej Maryi Panny<br>w Szczuczynie i Biblioteka \u2013 Centrum Kultury w Szczuczynie zapraszaj\u0105 na Drog\u0119 Krzy\u017cow\u0105 ulicami miasta:<\/strong><\/p>\n\n\n\n<p><strong>Szpitaln\u0105, Ogrodow\u0105, Senatorsk\u0105, Krzyw\u0105, Placem Tysi\u0105clecia, W\u0105sosk\u0105, Sobieskiego, Szpitaln\u0105<\/strong><\/p>\n\n\n\n<p><strong>kt\u00f3ra odb\u0119dzie si\u0119 13 kwietnia 2022r. (\u015broda) o godzinie 20:00.<\/strong><\/p>\n\n\n\n<p><strong>Prosimy o zabranie ze sob\u0105 lampion\u00f3w \u2013 zniczy.<\/strong><\/p>\n\n\n\n<p><em>Kolejno\u015b\u0107 niesienia krzy\u017ca podczas Drogi Krzy\u017cowej:<\/em><\/p>\n\n\n\n<ol class=\"wp-block-list\" type=\"1\"><li><em>Pracownicy kultury i wolontariusze, Warsztaty Terapii Zaj\u0119ciowej.<\/em><\/li><li><em>Urz\u0105d Miejski w Szczuczynie.<\/em><\/li><li><em>S\u0142u\u017cba zdrowia: Zak\u0142ad Opieki Leczniczej, Przychodnia Rejonowa, apteki.<\/em><\/li><li><em>Stowarzyszenie \u201eNasz Szczuczyn\u201d, Stowarzyszenie \u201eSzczuczyn 29\u201d, MLKS \u201eWissa\u201d, UKS \u201eGwiazda\u201d.<\/em><\/li><li><em>Szko\u0142a Podstawowa im. W\u0142adys\u0142awa Broniewskiego w Szczuczynie.<\/em><\/li><li><em>Rolnicy i Ko\u0142a Gospody\u0144 Wiejskich.<\/em><\/li><li><em>Zak\u0142ady pracy m.in. WPK TBS w Szczuczynie, Torpol, Hartika, Prost \u2013 Key Packaging, SPINS Sp\u00f3\u0142dzielnia Inwalid\u00f3w w Szczuczynie.<\/em><\/li><li><em>K\u00f3\u0142ka R\u00f3\u017ca\u0144cowe i Odnowa w Duchu \u015awi\u0119tym.<\/em><\/li><li><em>S\u0142u\u017cby mundurowe, Zwi\u0105zek Pi\u0142sudczyk\u00f3w RP Okr\u0119g Podlaski, LE\u015aNICY, Ko\u0142o \u0141owieckie \u201ePonowa\u201d, Policja.<\/em><\/li><li><em>Bankowcy.<\/em><\/li><li><em>Zesp\u00f3\u0142 Szk\u00f3\u0142. im. Marsza\u0142ka J\u00f3zefa Pi\u0142sudskiego w Szczuczynie.<\/em><\/li><li><em>Lokalni przedsi\u0119biorcy i rzemie\u015blnicy m.in. w\u0142a\u015bciciele i pracownicy sklep\u00f3w, Przychodnie Weterynaryjne, kamieniarze, us\u0142ugi transportowe.<\/em><\/li><li><em>Rada Miejska.<\/em><\/li><li><em>Cz\u0142onkowie jednostek Ochotniczych Stra\u017cy Po\u017carnych z terenu Parafii Szczuczyn.<\/em><\/li><\/ol>\n","protected":false},"excerpt":{"rendered":"<p>Proboszcz Parafii p.w. Imienia Naj\u015bwi\u0119tszej Maryi Pannyw Szczuczynie i Biblioteka \u2013 Centrum Kultury w Szczuczynie zapraszaj\u0105 na Drog\u0119 Krzy\u017cow\u0105 ulicami miasta: Szpitaln\u0105, Ogrodow\u0105, Senatorsk\u0105, Krzyw\u0105, Placem Tysi\u0105clecia, W\u0105sosk\u0105, Sobieskiego, Szpitaln\u0105 kt\u00f3ra odb\u0119dzie si\u0119 13 kwietnia 2022r. (\u015broda) o godzinie 20:00. Prosimy o zabranie ze sob\u0105&nbsp;<a class=\"read-more\" href=\"https:\/\/bckszczuczyn.pl\/?p=23665\">&hellip;<\/a><\/p>\n","protected":false},"author":1,"featured_media":23667,"comment_status":"open","ping_status":"open","sticky":false,"template":"","format":"standard","meta":{"footnotes":""},"categories":[4],"tags":[],"class_list":["post-23665","post","type-post","status-publish","format-standard","has-post-thumbnail","hentry","category-z-zycia-bck-w-szczuczynie"],"_links":{"self":[{"href":"https:\/\/bckszczuczyn.pl\/index.php?rest_route=\/wp\/v2\/posts\/23665","targetHints":{"allow":["GET"]}}],"collection":[{"href":"https:\/\/bckszczuczyn.pl\/index.php?rest_route=\/wp\/v2\/posts"}],"about":[{"href":"https:\/\/bckszczuczyn.pl\/index.php?rest_route=\/wp\/v2\/types\/post"}],"author":[{"embeddable":true,"href":"https:\/\/bckszczuczyn.pl\/index.php?rest_route=\/wp\/v2\/users\/1"}],"replies":[{"embeddable":true,"href":"https:\/\/bckszczuczyn.pl\/index.php?rest_route=%2Fwp%2Fv2%2Fcomments&post=23665"}],"version-history":[{"count":1,"href":"https:\/\/bckszczuczyn.pl\/index.php?rest_route=\/wp\/v2\/posts\/23665\/revisions"}],"predecessor-version":[{"id":23668,"href":"https:\/\/bckszczuczyn.pl\/index.php?rest_route=\/wp\/v2\/posts\/23665\/revisions\/23668"}],"wp:featuredmedia":[{"embeddable":true,"href":"https:\/\/bckszczuczyn.pl\/index.php?rest_route=\/wp\/v2\/media\/23667"}],"wp:attachment":[{"href":"https:\/\/bckszczuczyn.pl\/index.php?rest_route=%2Fwp%2Fv2%2Fmedia&parent=23665"}],"wp:term":[{"taxonomy":"category","embeddable":true,"href":"https:\/\/bckszczuczyn.pl\/index.php?rest_route=%2Fwp%2Fv2%2Fcategories&post=23665"},{"taxonomy":"post_tag","embeddable":true,"href":"https:\/\/bckszczuczyn.pl\/index.php?rest_route=%2Fwp%2Fv2%2Ftags&post=23665"}],"curies":[{"name":"wp","href":"https:\/\/api.w.org\/{rel}","templated":true}]}}