{"id":28679,"date":"2023-05-12T08:49:15","date_gmt":"2023-05-12T08:49:15","guid":{"rendered":"http:\/\/bckszczuczyn.pl\/?p=28679"},"modified":"2023-05-12T08:49:15","modified_gmt":"2023-05-12T08:49:15","slug":"ii-powiatowy-konkurs-kol-gospodyn-wiejskich-o-grabie-szczuki-2","status":"publish","type":"post","link":"https:\/\/bckszczuczyn.pl\/?p=28679","title":{"rendered":"II POWIATOWY KONKURS K\u00d3\u0141 GOSPODY\u0143 WIEJSKICH O GRABIE SZCZUKI"},"content":{"rendered":"\n<p>Przygotowania do II Powiatowego Konkursu K\u00f3\u0142 Gospody\u0144 Wiejskich nieprzerwanie trwaj\u0105. Presti\u017cowa nagroda &#8222;Grabie Szczuki&#8221; autorstwa Andrzeja Borusiewicza &#8211; lokalnego malarza i rze\u017abiarza ju\u017c do nas dotar\u0142a. Kt\u00f3re Ko\u0142o Gospody\u0144 Wiejskich si\u0119gnie po statuetk\u0119? Jeste\u015bcie ciekawi? Przekonacie si\u0119 o tym 28 maja br. w Spi\u017carni pod Klasztorem.<\/p>\n\n\n\n<p>Mamy te\u017c informacj\u0119 o nagrodzie g\u0142\u00f3wnej dla zwyci\u0119skiego Ko\u0142a, kt\u00f3rej fundatorem jest Marsza\u0142ek Wojew\u00f3dztwa Podlaskiego. B\u0119dzie to zestaw sprz\u0119tu kuchennego w postaci: termosu transportowego do \u017cywno\u015bci (50l), podgrzewacza sto\u0142owego roll up (9l), elektrycznej maszynki do mielenia mi\u0119sa.<\/p>\n\n\n\n<p>Do grona instytucji, kt\u00f3re sponsoruj\u0105 zakup nagr\u00f3d do\u0142\u0105czy\u0142a te\u017c <a href=\"https:\/\/www.facebook.com\/AgencjaRestrukturyzacjiiModernizacjiRolnictwa?__cft__[0]=AZVd4vZ5SDD2Tf73Hbw2jJBIRdlGGYEZM-RIrq_lFrx3K76NVKswgqNlxhXZRV136ooG1DgyfmDpWhK6KFzB8uAAHAwSrv1_bU3_Azspfd3amP52u0FF3WmOuaWebwPt6qCZ_TwHJ5hHgaY1dsCzeekS&amp;__tn__=-]K-R\">Agencja Restrukturyzacji i Modernizacji Rolnictwa<\/a> w <a href=\"https:\/\/www.facebook.com\/hashtag\/%C5%82om%C5%BCy?__eep__=6&amp;__cft__[0]=AZVd4vZ5SDD2Tf73Hbw2jJBIRdlGGYEZM-RIrq_lFrx3K76NVKswgqNlxhXZRV136ooG1DgyfmDpWhK6KFzB8uAAHAwSrv1_bU3_Azspfd3amP52u0FF3WmOuaWebwPt6qCZ_TwHJ5hHgaY1dsCzeekS&amp;__tn__=*NK-R\">#\u0141om\u017cy<\/a> , kt\u00f3ra przeka\u017ce zestaw akcesorii kuchennych.<\/p>\n\n\n\n<p>Wydarzenie obj\u0105\u0142 Honorowym Patronatem Marsza\u0142ek Wojew\u00f3dztwa Podlaskiego.<\/p>\n\n\n\n<figure class=\"wp-block-gallery has-nested-images columns-default is-cropped wp-block-gallery-1 is-layout-flex wp-block-gallery-is-layout-flex\">\n<figure class=\"wp-block-image size-large\"><img loading=\"lazy\" decoding=\"async\" width=\"768\" height=\"1024\" data-id=\"28681\" src=\"http:\/\/bckszczuczyn.pl\/wp-content\/uploads\/2023\/05\/346279400_231294019542919_8637688201726642548_n-768x1024.jpg\" alt=\"\" class=\"wp-image-28681\" srcset=\"https:\/\/bckszczuczyn.pl\/wp-content\/uploads\/2023\/05\/346279400_231294019542919_8637688201726642548_n-768x1024.jpg 768w, https:\/\/bckszczuczyn.pl\/wp-content\/uploads\/2023\/05\/346279400_231294019542919_8637688201726642548_n-225x300.jpg 225w, https:\/\/bckszczuczyn.pl\/wp-content\/uploads\/2023\/05\/346279400_231294019542919_8637688201726642548_n-1152x1536.jpg 1152w, https:\/\/bckszczuczyn.pl\/wp-content\/uploads\/2023\/05\/346279400_231294019542919_8637688201726642548_n.jpg 1536w\" sizes=\"auto, (max-width: 768px) 100vw, 768px\" \/><\/figure>\n\n\n\n<figure class=\"wp-block-image size-large\"><img loading=\"lazy\" decoding=\"async\" width=\"768\" height=\"1024\" data-id=\"28680\" src=\"http:\/\/bckszczuczyn.pl\/wp-content\/uploads\/2023\/05\/346259891_583638430549918_4735668770192975844_n-768x1024.jpg\" alt=\"\" class=\"wp-image-28680\" srcset=\"https:\/\/bckszczuczyn.pl\/wp-content\/uploads\/2023\/05\/346259891_583638430549918_4735668770192975844_n-768x1024.jpg 768w, https:\/\/bckszczuczyn.pl\/wp-content\/uploads\/2023\/05\/346259891_583638430549918_4735668770192975844_n-225x300.jpg 225w, https:\/\/bckszczuczyn.pl\/wp-content\/uploads\/2023\/05\/346259891_583638430549918_4735668770192975844_n-1152x1536.jpg 1152w, https:\/\/bckszczuczyn.pl\/wp-content\/uploads\/2023\/05\/346259891_583638430549918_4735668770192975844_n.jpg 1536w\" sizes=\"auto, (max-width: 768px) 100vw, 768px\" \/><\/figure>\n\n\n\n<figure class=\"wp-block-image size-large\"><img loading=\"lazy\" decoding=\"async\" width=\"733\" height=\"1024\" data-id=\"28682\" src=\"http:\/\/bckszczuczyn.pl\/wp-content\/uploads\/2023\/05\/346648993_1195691534424195_5707186317922740258_n-733x1024.jpg\" alt=\"\" class=\"wp-image-28682\" srcset=\"https:\/\/bckszczuczyn.pl\/wp-content\/uploads\/2023\/05\/346648993_1195691534424195_5707186317922740258_n-733x1024.jpg 733w, https:\/\/bckszczuczyn.pl\/wp-content\/uploads\/2023\/05\/346648993_1195691534424195_5707186317922740258_n-215x300.jpg 215w, https:\/\/bckszczuczyn.pl\/wp-content\/uploads\/2023\/05\/346648993_1195691534424195_5707186317922740258_n-768x1074.jpg 768w, https:\/\/bckszczuczyn.pl\/wp-content\/uploads\/2023\/05\/346648993_1195691534424195_5707186317922740258_n-1099x1536.jpg 1099w, https:\/\/bckszczuczyn.pl\/wp-content\/uploads\/2023\/05\/346648993_1195691534424195_5707186317922740258_n.jpg 1465w\" sizes=\"auto, (max-width: 733px) 100vw, 733px\" \/><\/figure>\n<\/figure>\n","protected":false},"excerpt":{"rendered":"<p>Przygotowania do II Powiatowego Konkursu K\u00f3\u0142 Gospody\u0144 Wiejskich nieprzerwanie trwaj\u0105. Presti\u017cowa nagroda &#8222;Grabie Szczuki&#8221; autorstwa Andrzeja Borusiewicza &#8211; lokalnego malarza i rze\u017abiarza ju\u017c do nas dotar\u0142a. Kt\u00f3re Ko\u0142o Gospody\u0144 Wiejskich si\u0119gnie po statuetk\u0119? Jeste\u015bcie ciekawi? Przekonacie si\u0119 o tym 28 maja br. w Spi\u017carni pod&nbsp;<a class=\"read-more\" href=\"https:\/\/bckszczuczyn.pl\/?p=28679\">&hellip;<\/a><\/p>\n","protected":false},"author":1,"featured_media":28682,"comment_status":"open","ping_status":"open","sticky":false,"template":"","format":"standard","meta":{"footnotes":""},"categories":[4],"tags":[],"class_list":["post-28679","post","type-post","status-publish","format-standard","has-post-thumbnail","hentry","category-z-zycia-bck-w-szczuczynie"],"_links":{"self":[{"href":"https:\/\/bckszczuczyn.pl\/index.php?rest_route=\/wp\/v2\/posts\/28679","targetHints":{"allow":["GET"]}}],"collection":[{"href":"https:\/\/bckszczuczyn.pl\/index.php?rest_route=\/wp\/v2\/posts"}],"about":[{"href":"https:\/\/bckszczuczyn.pl\/index.php?rest_route=\/wp\/v2\/types\/post"}],"author":[{"embeddable":true,"href":"https:\/\/bckszczuczyn.pl\/index.php?rest_route=\/wp\/v2\/users\/1"}],"replies":[{"embeddable":true,"href":"https:\/\/bckszczuczyn.pl\/index.php?rest_route=%2Fwp%2Fv2%2Fcomments&post=28679"}],"version-history":[{"count":1,"href":"https:\/\/bckszczuczyn.pl\/index.php?rest_route=\/wp\/v2\/posts\/28679\/revisions"}],"predecessor-version":[{"id":28683,"href":"https:\/\/bckszczuczyn.pl\/index.php?rest_route=\/wp\/v2\/posts\/28679\/revisions\/28683"}],"wp:featuredmedia":[{"embeddable":true,"href":"https:\/\/bckszczuczyn.pl\/index.php?rest_route=\/wp\/v2\/media\/28682"}],"wp:attachment":[{"href":"https:\/\/bckszczuczyn.pl\/index.php?rest_route=%2Fwp%2Fv2%2Fmedia&parent=28679"}],"wp:term":[{"taxonomy":"category","embeddable":true,"href":"https:\/\/bckszczuczyn.pl\/index.php?rest_route=%2Fwp%2Fv2%2Fcategories&post=28679"},{"taxonomy":"post_tag","embeddable":true,"href":"https:\/\/bckszczuczyn.pl\/index.php?rest_route=%2Fwp%2Fv2%2Ftags&post=28679"}],"curies":[{"name":"wp","href":"https:\/\/api.w.org\/{rel}","templated":true}]}}