{"id":29461,"date":"2023-07-04T12:25:50","date_gmt":"2023-07-04T12:25:50","guid":{"rendered":"http:\/\/bckszczuczyn.pl\/?p=29461"},"modified":"2023-07-04T12:25:50","modified_gmt":"2023-07-04T12:25:50","slug":"opowiesci-w-monidlach-zaklete","status":"publish","type":"post","link":"https:\/\/bckszczuczyn.pl\/?p=29461","title":{"rendered":"OPOWIE\u015aCI W MONID\u0141ACH ZAKL\u0118TE"},"content":{"rendered":"\n<p>Biblioteka \u2013 Centrum Kultury w Szczuczynie wzi\u0119\u0142a udzia\u0142 w konkursie na projekty edukacyjno-animacyjne og\u0142oszonym przez Podlaski Instytut Kultury w Bia\u0142ymstoku w ramach programu Bardzo M\u0142oda Kultura. Podlaski Instytut Kultury w Bia\u0142ymstoku jest Operatorem Regionalnym tego programu. Szczuczy\u0144ski projekt \u201eOpowie\u015bci w monid\u0142ach zakl\u0119te\u201d otrzyma\u0142 dofinansowanie w kwocie 9100 z\u0142.<\/p>\n\n\n\n<p>B\u0119dzie to doskona\u0142a okazja do dzia\u0142a\u0144 w kt\u00f3rych prym b\u0119d\u0105 wiedli m\u0142odzi ludzie. Razem przyczynimy si\u0119 do tego aby has\u0142o przy\u015bwiecaj\u0105ce Bardzo M\u0142odej Kulturze \u201eWYbud\u017acie kultur\u0119!\u201dw pe\u0142ni wybrzmia\u0142o i znalaz\u0142o odbicie w dzia\u0142aniach m\u0142odego pokolenia.<\/p>\n\n\n\n<p>O szczeg\u00f3\u0142ach projektu i wszelkich dzia\u0142aniach b\u0119dziemy z pewno\u015bci\u0105 Pa\u0144stwa informowali, wkr\u00f3tce i na bie\u017c\u0105co. Partnerem dzia\u0142a\u0144 b\u0119dzie <a href=\"https:\/\/www.facebook.com\/NaszSzczuczyn?__cft__%5b0%5d=AZVNeYJ2TyzxL-8pACObZSyrdD9_QpsjPGWqM3GD1RvtWVoNV4XPGkdUggY0PGSBskjokBbxwEUEZmrA0rU3u0HV0njww7ooWPGl3MF7_0SgK8BY6fXFlxKYDpAhI5Ao7W_BZjV6ULDSzlqViW6EFZxm9sS5UBoErRimLnXvKEi2kY4LAbvyH1d-C_l_BqiOaCgeu7We_NPcxZUR7QtmR9m4&amp;__tn__=-%5dK-y-R\">Stowarzyszenie Nasz Szczuczyn<\/a>.<\/p>\n\n\n\n<p>Serdecznie gratulujemy wszystkim Laureatom konkursu, kt\u00f3rych list\u0119 znajdziecie tutaj:<\/p>\n\n\n\n<p><a href=\"https:\/\/m.facebook.com\/story.php?story_fbid=745899874204804&amp;id=100063543955183\">https:\/\/m.facebook.com\/story.php?story_fbid=745899874204804&amp;id=100063543955183<\/a><\/p>\n\n\n\n<p>Bardzo M\u0142oda Kultura edycji 2023-2025 to program dotacyjny Narodowego Centrum Kultury (III edycja).<\/p>\n\n\n\n<p>Andrzej Kosmowski<\/p>\n\n\n\n<p>koordynator projektu<\/p>\n\n\n\n<p>Biblioteka \u2013 Centrum Kultury w Szczuczynie<\/p>\n\n\n\n<figure class=\"wp-block-gallery has-nested-images columns-default is-cropped wp-block-gallery-1 is-layout-flex wp-block-gallery-is-layout-flex\">\n<figure class=\"wp-block-image size-large\"><img loading=\"lazy\" decoding=\"async\" width=\"719\" height=\"1024\" data-id=\"29462\" src=\"http:\/\/bckszczuczyn.pl\/wp-content\/uploads\/2023\/07\/357007338_648499500640457_6627515365568807928_n-719x1024.jpg\" alt=\"\" class=\"wp-image-29462\" srcset=\"https:\/\/bckszczuczyn.pl\/wp-content\/uploads\/2023\/07\/357007338_648499500640457_6627515365568807928_n-719x1024.jpg 719w, https:\/\/bckszczuczyn.pl\/wp-content\/uploads\/2023\/07\/357007338_648499500640457_6627515365568807928_n-211x300.jpg 211w, https:\/\/bckszczuczyn.pl\/wp-content\/uploads\/2023\/07\/357007338_648499500640457_6627515365568807928_n-768x1094.jpg 768w, https:\/\/bckszczuczyn.pl\/wp-content\/uploads\/2023\/07\/357007338_648499500640457_6627515365568807928_n-1078x1536.jpg 1078w, https:\/\/bckszczuczyn.pl\/wp-content\/uploads\/2023\/07\/357007338_648499500640457_6627515365568807928_n.jpg 1080w\" sizes=\"auto, (max-width: 719px) 100vw, 719px\" \/><\/figure>\n<\/figure>\n","protected":false},"excerpt":{"rendered":"<p>Biblioteka \u2013 Centrum Kultury w Szczuczynie wzi\u0119\u0142a udzia\u0142 w konkursie na projekty edukacyjno-animacyjne og\u0142oszonym przez Podlaski Instytut Kultury w Bia\u0142ymstoku w ramach programu Bardzo M\u0142oda Kultura. Podlaski Instytut Kultury w Bia\u0142ymstoku jest Operatorem Regionalnym tego programu. Szczuczy\u0144ski projekt \u201eOpowie\u015bci w monid\u0142ach zakl\u0119te\u201d otrzyma\u0142 dofinansowanie w&nbsp;<a class=\"read-more\" href=\"https:\/\/bckszczuczyn.pl\/?p=29461\">&hellip;<\/a><\/p>\n","protected":false},"author":1,"featured_media":29462,"comment_status":"open","ping_status":"open","sticky":false,"template":"","format":"standard","meta":{"footnotes":""},"categories":[4],"tags":[],"class_list":["post-29461","post","type-post","status-publish","format-standard","has-post-thumbnail","hentry","category-z-zycia-bck-w-szczuczynie"],"_links":{"self":[{"href":"https:\/\/bckszczuczyn.pl\/index.php?rest_route=\/wp\/v2\/posts\/29461","targetHints":{"allow":["GET"]}}],"collection":[{"href":"https:\/\/bckszczuczyn.pl\/index.php?rest_route=\/wp\/v2\/posts"}],"about":[{"href":"https:\/\/bckszczuczyn.pl\/index.php?rest_route=\/wp\/v2\/types\/post"}],"author":[{"embeddable":true,"href":"https:\/\/bckszczuczyn.pl\/index.php?rest_route=\/wp\/v2\/users\/1"}],"replies":[{"embeddable":true,"href":"https:\/\/bckszczuczyn.pl\/index.php?rest_route=%2Fwp%2Fv2%2Fcomments&post=29461"}],"version-history":[{"count":1,"href":"https:\/\/bckszczuczyn.pl\/index.php?rest_route=\/wp\/v2\/posts\/29461\/revisions"}],"predecessor-version":[{"id":29463,"href":"https:\/\/bckszczuczyn.pl\/index.php?rest_route=\/wp\/v2\/posts\/29461\/revisions\/29463"}],"wp:featuredmedia":[{"embeddable":true,"href":"https:\/\/bckszczuczyn.pl\/index.php?rest_route=\/wp\/v2\/media\/29462"}],"wp:attachment":[{"href":"https:\/\/bckszczuczyn.pl\/index.php?rest_route=%2Fwp%2Fv2%2Fmedia&parent=29461"}],"wp:term":[{"taxonomy":"category","embeddable":true,"href":"https:\/\/bckszczuczyn.pl\/index.php?rest_route=%2Fwp%2Fv2%2Fcategories&post=29461"},{"taxonomy":"post_tag","embeddable":true,"href":"https:\/\/bckszczuczyn.pl\/index.php?rest_route=%2Fwp%2Fv2%2Ftags&post=29461"}],"curies":[{"name":"wp","href":"https:\/\/api.w.org\/{rel}","templated":true}]}}