{"id":29935,"date":"2023-09-11T12:01:25","date_gmt":"2023-09-11T12:01:25","guid":{"rendered":"http:\/\/bckszczuczyn.pl\/?p=29935"},"modified":"2023-09-11T12:01:25","modified_gmt":"2023-09-11T12:01:25","slug":"male-granty-wielkie-szanse","status":"publish","type":"post","link":"https:\/\/bckszczuczyn.pl\/?p=29935","title":{"rendered":"MA\u0141E GRANTY WIELKIE SZANSE"},"content":{"rendered":"\n<p>Pracujecie w bibliotece, domu kultury, organizacji pozarz\u0105dowej w miejscowo\u015bci do 20 tys. mieszka\u0144c\u00f3w? Szukacie funduszy na realizacj\u0119 m\u0142odzie\u017cowego pomys\u0142u?<\/p>\n\n\n\n<p>Je\u015bli 2x odpowiedzieli\u015bcie tak, to konkurs Ma\u0142e Granty Programu R\u00f3wna\u0107 Szanse jest dla Was idealnym rozwi\u0105zaniem! Mo\u017cecie otrzyma\u0107 dofinansowanie na realizacj\u0119 projektu m\u0142odzie\u017cowego w kwocie do 12 tys. z\u0142otych.<\/p>\n\n\n\n<p>Wi\u0119cej na stronie: <a href=\"http:\/\/www.malegranty.org\">www.malegranty.org<\/a><\/p>\n\n\n\n<p>Je\u015bli macie pytania z ch\u0119ci\u0105 na nie odpowiem.<\/p>\n\n\n\n<p>Zapraszam do kontaktu.<\/p>\n\n\n\n<p>Program R\u00f3wna\u0107 Szanse to przedsi\u0119wzi\u0119cie Polsko-Ameryka\u0144skiej Fundacji Wolno\u015bci realizowane przez Fundacj\u0119 Civis Polonus. Patronem medialnym konkursu jest ngo.pl &#8211; portal organizacji pozarz\u0105dowych.<\/p>\n\n\n\n<p>Andrzej Kosmowski<\/p>\n\n\n\n<p>ambasador Programu R\u00f3wna\u0107 Szanse<\/p>\n\n\n\n<p>BCK w Szczuczynie<\/p>\n\n\n\n<figure class=\"wp-block-gallery has-nested-images columns-default is-cropped wp-block-gallery-1 is-layout-flex wp-block-gallery-is-layout-flex\">\n<figure class=\"wp-block-image size-large\"><img loading=\"lazy\" decoding=\"async\" width=\"774\" height=\"1024\" data-id=\"29936\" src=\"http:\/\/bckszczuczyn.pl\/wp-content\/uploads\/2023\/09\/375791862_3594575607438103_7979671629592315905_n-774x1024.jpg\" alt=\"\" class=\"wp-image-29936\" srcset=\"https:\/\/bckszczuczyn.pl\/wp-content\/uploads\/2023\/09\/375791862_3594575607438103_7979671629592315905_n-774x1024.jpg 774w, https:\/\/bckszczuczyn.pl\/wp-content\/uploads\/2023\/09\/375791862_3594575607438103_7979671629592315905_n-227x300.jpg 227w, https:\/\/bckszczuczyn.pl\/wp-content\/uploads\/2023\/09\/375791862_3594575607438103_7979671629592315905_n-768x1016.jpg 768w, https:\/\/bckszczuczyn.pl\/wp-content\/uploads\/2023\/09\/375791862_3594575607438103_7979671629592315905_n.jpg 860w\" sizes=\"auto, (max-width: 774px) 100vw, 774px\" \/><\/figure>\n<\/figure>\n","protected":false},"excerpt":{"rendered":"<p>Pracujecie w bibliotece, domu kultury, organizacji pozarz\u0105dowej w miejscowo\u015bci do 20 tys. mieszka\u0144c\u00f3w? Szukacie funduszy na realizacj\u0119 m\u0142odzie\u017cowego pomys\u0142u? Je\u015bli 2x odpowiedzieli\u015bcie tak, to konkurs Ma\u0142e Granty Programu R\u00f3wna\u0107 Szanse jest dla Was idealnym rozwi\u0105zaniem! Mo\u017cecie otrzyma\u0107 dofinansowanie na realizacj\u0119 projektu m\u0142odzie\u017cowego w kwocie do&nbsp;<a class=\"read-more\" href=\"https:\/\/bckszczuczyn.pl\/?p=29935\">&hellip;<\/a><\/p>\n","protected":false},"author":1,"featured_media":29936,"comment_status":"open","ping_status":"open","sticky":false,"template":"","format":"standard","meta":{"footnotes":""},"categories":[4],"tags":[],"class_list":["post-29935","post","type-post","status-publish","format-standard","has-post-thumbnail","hentry","category-z-zycia-bck-w-szczuczynie"],"_links":{"self":[{"href":"https:\/\/bckszczuczyn.pl\/index.php?rest_route=\/wp\/v2\/posts\/29935","targetHints":{"allow":["GET"]}}],"collection":[{"href":"https:\/\/bckszczuczyn.pl\/index.php?rest_route=\/wp\/v2\/posts"}],"about":[{"href":"https:\/\/bckszczuczyn.pl\/index.php?rest_route=\/wp\/v2\/types\/post"}],"author":[{"embeddable":true,"href":"https:\/\/bckszczuczyn.pl\/index.php?rest_route=\/wp\/v2\/users\/1"}],"replies":[{"embeddable":true,"href":"https:\/\/bckszczuczyn.pl\/index.php?rest_route=%2Fwp%2Fv2%2Fcomments&post=29935"}],"version-history":[{"count":1,"href":"https:\/\/bckszczuczyn.pl\/index.php?rest_route=\/wp\/v2\/posts\/29935\/revisions"}],"predecessor-version":[{"id":29937,"href":"https:\/\/bckszczuczyn.pl\/index.php?rest_route=\/wp\/v2\/posts\/29935\/revisions\/29937"}],"wp:featuredmedia":[{"embeddable":true,"href":"https:\/\/bckszczuczyn.pl\/index.php?rest_route=\/wp\/v2\/media\/29936"}],"wp:attachment":[{"href":"https:\/\/bckszczuczyn.pl\/index.php?rest_route=%2Fwp%2Fv2%2Fmedia&parent=29935"}],"wp:term":[{"taxonomy":"category","embeddable":true,"href":"https:\/\/bckszczuczyn.pl\/index.php?rest_route=%2Fwp%2Fv2%2Fcategories&post=29935"},{"taxonomy":"post_tag","embeddable":true,"href":"https:\/\/bckszczuczyn.pl\/index.php?rest_route=%2Fwp%2Fv2%2Ftags&post=29935"}],"curies":[{"name":"wp","href":"https:\/\/api.w.org\/{rel}","templated":true}]}}