{"id":30435,"date":"2023-11-21T11:51:59","date_gmt":"2023-11-21T11:51:59","guid":{"rendered":"http:\/\/bckszczuczyn.pl\/?p=30435"},"modified":"2023-11-21T11:51:59","modified_gmt":"2023-11-21T11:51:59","slug":"nie-daj-sie-oszukac-2","status":"publish","type":"post","link":"https:\/\/bckszczuczyn.pl\/?p=30435","title":{"rendered":"&#8222;Nie daj si\u0119 oszuka\u0107!&#8221;"},"content":{"rendered":"\n<p>Dnia 17 listopada 2023r. w Bibliotece &#8211; Centrum Kultury w Szczuczynie odby\u0142o si\u0119 spotkanie ph. \u201eNie daj si\u0119 oszuka\u0107!\u201d. Naszymi go\u015b\u0107mi by\u0142y Pani Gra\u017cyna Rodze\u0144 z Komendy Powiatowej Policji w Grajewie oraz Adwokat Pani Dorota Wszeborowska.<\/p>\n\n\n\n<p>W kameralnym gronie podczas spotkania zosta\u0142y poruszone kwestie bezpiecze\u0144stwa w r\u00f3\u017cnych aspektach naszego \u017cycia. By\u0142o mn\u00f3stwo przyk\u0142ad\u00f3w podpartych prawdziwymi zdarzeniami dotycz\u0105cych najnowszych technik i metod dzia\u0142a\u0144 oszust\u00f3w. Mog\u0142y\u015bmy wys\u0142ucha\u0107 relacji ofiar z naszego regionu, kt\u00f3re zosta\u0142y oszukane. Podczas spotkania pozna\u0142y\u015bmy r\u00f3wnie\u017c nowe kampanie telewizyjne, by\u0142o mn\u00f3stwo pyta\u0144, spostrze\u017ce\u0144 i dobrych rad.<\/p>\n\n\n\n<p>Anna Akus-Szklarzewska<\/p>\n","protected":false},"excerpt":{"rendered":"<p>Dnia 17 listopada 2023r. w Bibliotece &#8211; Centrum Kultury w Szczuczynie odby\u0142o si\u0119 spotkanie ph. \u201eNie daj si\u0119 oszuka\u0107!\u201d. Naszymi go\u015b\u0107mi by\u0142y Pani Gra\u017cyna Rodze\u0144 z Komendy Powiatowej Policji w Grajewie oraz Adwokat Pani Dorota Wszeborowska. W kameralnym gronie podczas spotkania zosta\u0142y poruszone kwestie bezpiecze\u0144stwa&nbsp;<a class=\"read-more\" href=\"https:\/\/bckszczuczyn.pl\/?p=30435\">&hellip;<\/a><\/p>\n","protected":false},"author":1,"featured_media":30437,"comment_status":"open","ping_status":"open","sticky":false,"template":"","format":"standard","meta":{"footnotes":""},"categories":[4],"tags":[],"class_list":["post-30435","post","type-post","status-publish","format-standard","has-post-thumbnail","hentry","category-z-zycia-bck-w-szczuczynie"],"_links":{"self":[{"href":"https:\/\/bckszczuczyn.pl\/index.php?rest_route=\/wp\/v2\/posts\/30435","targetHints":{"allow":["GET"]}}],"collection":[{"href":"https:\/\/bckszczuczyn.pl\/index.php?rest_route=\/wp\/v2\/posts"}],"about":[{"href":"https:\/\/bckszczuczyn.pl\/index.php?rest_route=\/wp\/v2\/types\/post"}],"author":[{"embeddable":true,"href":"https:\/\/bckszczuczyn.pl\/index.php?rest_route=\/wp\/v2\/users\/1"}],"replies":[{"embeddable":true,"href":"https:\/\/bckszczuczyn.pl\/index.php?rest_route=%2Fwp%2Fv2%2Fcomments&post=30435"}],"version-history":[{"count":1,"href":"https:\/\/bckszczuczyn.pl\/index.php?rest_route=\/wp\/v2\/posts\/30435\/revisions"}],"predecessor-version":[{"id":30438,"href":"https:\/\/bckszczuczyn.pl\/index.php?rest_route=\/wp\/v2\/posts\/30435\/revisions\/30438"}],"wp:featuredmedia":[{"embeddable":true,"href":"https:\/\/bckszczuczyn.pl\/index.php?rest_route=\/wp\/v2\/media\/30437"}],"wp:attachment":[{"href":"https:\/\/bckszczuczyn.pl\/index.php?rest_route=%2Fwp%2Fv2%2Fmedia&parent=30435"}],"wp:term":[{"taxonomy":"category","embeddable":true,"href":"https:\/\/bckszczuczyn.pl\/index.php?rest_route=%2Fwp%2Fv2%2Fcategories&post=30435"},{"taxonomy":"post_tag","embeddable":true,"href":"https:\/\/bckszczuczyn.pl\/index.php?rest_route=%2Fwp%2Fv2%2Ftags&post=30435"}],"curies":[{"name":"wp","href":"https:\/\/api.w.org\/{rel}","templated":true}]}}