{"id":33403,"date":"2025-02-04T11:51:19","date_gmt":"2025-02-04T11:51:19","guid":{"rendered":"https:\/\/bckszczuczyn.pl\/?p=33403"},"modified":"2025-02-04T11:51:19","modified_gmt":"2025-02-04T11:51:19","slug":"bieg-tropem-wilczym-bieg-zolnierzy-wykletych-2025-w-szczuczynie","status":"publish","type":"post","link":"https:\/\/bckszczuczyn.pl\/?p=33403","title":{"rendered":"Bieg \u201eTropem Wilczym. Bieg \u017bo\u0142nierzy Wykl\u0119tych 2025\u201d w Szczuczynie"},"content":{"rendered":"\n<p><img loading=\"lazy\" decoding=\"async\" height=\"16\" width=\"16\" alt=\"&#x1f1f5;&#x1f1f1;\" src=\"https:\/\/static.xx.fbcdn.net\/images\/emoji.php\/v9\/te0\/1\/16\/1f1f5_1f1f1.png\"> Bieg \u201eTropem Wilczym. Bieg \u017bo\u0142nierzy Wykl\u0119tych 2025\u201d w Szczuczynie! <img loading=\"lazy\" decoding=\"async\" height=\"16\" width=\"16\" alt=\"&#x1f1f5;&#x1f1f1;\" src=\"https:\/\/static.xx.fbcdn.net\/images\/emoji.php\/v9\/te0\/1\/16\/1f1f5_1f1f1.png\"><\/p>\n\n\n\n<p>Z rado\u015bci\u0105 informujemy, \u017ce otrzymali\u015bmy oficjalne potwierdzenie od <a href=\"https:\/\/www.facebook.com\/FundacjaWID?__cft__[0]=AZXYAs8pGZx7SMHMcnSUXCnBo2cvR2XGlA0G_idJvkoHsp8xkSsv9v2GwAQqJBzvgvW-PWLrnWJ1sSQuYzYe2TpFq5aExJ4xdTbwG474Y_mAKa7oFNtwTVGZoOQVm84O2dH1RmqMXw6z5Dm-Qku7tIFhqFVDPqr299l5C-kif4U4LY5dbJrHHWR0mHKJoaNdYIZe8hWVFJ5RDMbtpXqTOer8VEaHPtpDq0eA8NfKsxd9wQ&amp;__tn__=-]K-y-R\">Fundacja Wolno\u015b\u0107 i Demokracja<\/a>, \u017ce jeste\u015bmy Lokalnym Organizatorem XIII Og\u00f3lnopolskiej Edycji \u201eTropem Wilczym. Bieg \u017bo\u0142nierzy Wykl\u0119tych 2025\u201d. Warto doda\u0107, \u017ce ju\u017c po raz \u00f3smy bieg ten odb\u0119dzie si\u0119 w naszym mie\u015bcie!<\/p>\n\n\n\n<p>Zarezerwujcie dat\u0119!<\/p>\n\n\n\n<p>2 marca 2025 roku (niedziela) w Starym Parku w Szczuczynie odb\u0119dzie si\u0119 ta wyj\u0105tkowa inicjatywa, maj\u0105ca na celu upami\u0119tnienie \u017bo\u0142nierzy Wykl\u0119tych.<\/p>\n\n\n\n<p>W najbli\u017cszych dniach podamy szczeg\u00f3\u0142y dotycz\u0105ce dost\u0119pnych dystans\u00f3w oraz mo\u017cliwo\u015bci zapis\u00f3w do biegu. Serdecznie zapraszamy mieszka\u0144c\u00f3w miasta i regionu, szko\u0142y, stowarzyszenia, kluby sportowe, jednostki OSP oraz jednostki wojskowe do aktywnego udzia\u0142u i wsp\u00f3\u0142pracy przy organizacji wydarzenia!<\/p>\n\n\n\n<p>&#8212;&#8212;&#8211;<\/p>\n\n\n\n<p>Bieg \u201eTropem Wilczym\u201d to og\u00f3lnopolska inicjatywa, kt\u00f3ra ma na celu uczczenie pami\u0119ci \u017bo\u0142nierzy Wykl\u0119tych \u2013 bohater\u00f3w antykomunistycznego oporu, kt\u00f3rzy walczyli o niepodleg\u0142o\u015b\u0107 Polski po II wojnie \u015bwiatowej. Bieg organizowany jest od 2013 roku przez Fundacj\u0119 Wolno\u015b\u0107 i Demokracja, a jego zasi\u0119g z roku na rok ro\u015bnie. W 2024 roku w wydarzeniu wzi\u0119\u0142o udzia\u0142 ponad 70 miast w Polsce, a tak\u017ce biegacze z zagranicy, kt\u00f3rzy wzi\u0119li udzia\u0142 w edycjach organizowanych m.in. w USA, Wielkiej Brytanii czy Niemczech.<\/p>\n\n\n\n<p>Celem biegu jest nie tylko uczczenie pami\u0119ci bohater\u00f3w, ale tak\u017ce popularyzacja zdrowego stylu \u017cycia oraz integracja spo\u0142eczno\u015bci lokalnych.<\/p>\n\n\n\n<p>&#8212;<\/p>\n\n\n\n<p><a href=\"https:\/\/www.facebook.com\/andrew.kosmowski.1?__cft__[0]=AZXYAs8pGZx7SMHMcnSUXCnBo2cvR2XGlA0G_idJvkoHsp8xkSsv9v2GwAQqJBzvgvW-PWLrnWJ1sSQuYzYe2TpFq5aExJ4xdTbwG474Y_mAKa7oFNtwTVGZoOQVm84O2dH1RmqMXw6z5Dm-Qku7tIFhqFVDPqr299l5C-kif4U4LY5dbJrHHWR0mHKJoaNdYIZe8hWVFJ5RDMbtpXqTOer8VEaHPtpDq0eA8NfKsxd9wQ&amp;__tn__=-]K-y-R\">Andrzej Kosmowski<\/a><\/p>\n\n\n\n<p>koordynator Tropem Wilczym. Bieg \u017bo\u0142nierzy Wykl\u0119tych 2025\u201d w Szczuczynie<\/p>\n\n\n\n<p><\/p>\n","protected":false},"excerpt":{"rendered":"<p>Bieg \u201eTropem Wilczym. Bieg \u017bo\u0142nierzy Wykl\u0119tych 2025\u201d w Szczuczynie! Z rado\u015bci\u0105 informujemy, \u017ce otrzymali\u015bmy oficjalne potwierdzenie od Fundacja Wolno\u015b\u0107 i Demokracja, \u017ce jeste\u015bmy Lokalnym Organizatorem XIII Og\u00f3lnopolskiej Edycji \u201eTropem Wilczym. Bieg \u017bo\u0142nierzy Wykl\u0119tych 2025\u201d. Warto doda\u0107, \u017ce ju\u017c po raz \u00f3smy bieg ten odb\u0119dzie si\u0119&nbsp;<a class=\"read-more\" href=\"https:\/\/bckszczuczyn.pl\/?p=33403\">&hellip;<\/a><\/p>\n","protected":false},"author":1,"featured_media":33404,"comment_status":"open","ping_status":"open","sticky":false,"template":"","format":"standard","meta":{"footnotes":""},"categories":[4],"tags":[],"class_list":["post-33403","post","type-post","status-publish","format-standard","has-post-thumbnail","hentry","category-z-zycia-bck-w-szczuczynie"],"_links":{"self":[{"href":"https:\/\/bckszczuczyn.pl\/index.php?rest_route=\/wp\/v2\/posts\/33403","targetHints":{"allow":["GET"]}}],"collection":[{"href":"https:\/\/bckszczuczyn.pl\/index.php?rest_route=\/wp\/v2\/posts"}],"about":[{"href":"https:\/\/bckszczuczyn.pl\/index.php?rest_route=\/wp\/v2\/types\/post"}],"author":[{"embeddable":true,"href":"https:\/\/bckszczuczyn.pl\/index.php?rest_route=\/wp\/v2\/users\/1"}],"replies":[{"embeddable":true,"href":"https:\/\/bckszczuczyn.pl\/index.php?rest_route=%2Fwp%2Fv2%2Fcomments&post=33403"}],"version-history":[{"count":1,"href":"https:\/\/bckszczuczyn.pl\/index.php?rest_route=\/wp\/v2\/posts\/33403\/revisions"}],"predecessor-version":[{"id":33405,"href":"https:\/\/bckszczuczyn.pl\/index.php?rest_route=\/wp\/v2\/posts\/33403\/revisions\/33405"}],"wp:featuredmedia":[{"embeddable":true,"href":"https:\/\/bckszczuczyn.pl\/index.php?rest_route=\/wp\/v2\/media\/33404"}],"wp:attachment":[{"href":"https:\/\/bckszczuczyn.pl\/index.php?rest_route=%2Fwp%2Fv2%2Fmedia&parent=33403"}],"wp:term":[{"taxonomy":"category","embeddable":true,"href":"https:\/\/bckszczuczyn.pl\/index.php?rest_route=%2Fwp%2Fv2%2Fcategories&post=33403"},{"taxonomy":"post_tag","embeddable":true,"href":"https:\/\/bckszczuczyn.pl\/index.php?rest_route=%2Fwp%2Fv2%2Ftags&post=33403"}],"curies":[{"name":"wp","href":"https:\/\/api.w.org\/{rel}","templated":true}]}}