{"id":33433,"date":"2025-02-11T13:21:25","date_gmt":"2025-02-11T13:21:25","guid":{"rendered":"http:\/\/bckszczuczyn.pl\/?p=33433"},"modified":"2025-02-11T13:23:20","modified_gmt":"2025-02-11T13:23:20","slug":"spotkanie-z-krzysztofem-jodlowskim","status":"publish","type":"post","link":"https:\/\/bckszczuczyn.pl\/?p=33433","title":{"rendered":"Spotkanie z Krzysztofem Jod\u0142owskim"},"content":{"rendered":"\n<figure class=\"wp-block-gallery has-nested-images columns-default is-cropped wp-block-gallery-1 is-layout-flex wp-block-gallery-is-layout-flex\">\n<figure class=\"wp-block-image size-large\"><img loading=\"lazy\" decoding=\"async\" width=\"1024\" height=\"461\" data-id=\"33434\" src=\"http:\/\/bckszczuczyn.pl\/wp-content\/uploads\/2025\/02\/1-1024x461.jpg\" alt=\"\" class=\"wp-image-33434\" srcset=\"https:\/\/bckszczuczyn.pl\/wp-content\/uploads\/2025\/02\/1-1024x461.jpg 1024w, https:\/\/bckszczuczyn.pl\/wp-content\/uploads\/2025\/02\/1-300x135.jpg 300w, https:\/\/bckszczuczyn.pl\/wp-content\/uploads\/2025\/02\/1-768x346.jpg 768w, https:\/\/bckszczuczyn.pl\/wp-content\/uploads\/2025\/02\/1-1536x691.jpg 1536w, https:\/\/bckszczuczyn.pl\/wp-content\/uploads\/2025\/02\/1-2048x922.jpg 2048w\" sizes=\"auto, (max-width: 1024px) 100vw, 1024px\" \/><\/figure>\n\n\n\n<figure class=\"wp-block-image size-large\"><img loading=\"lazy\" decoding=\"async\" width=\"1024\" height=\"766\" data-id=\"33435\" src=\"http:\/\/bckszczuczyn.pl\/wp-content\/uploads\/2025\/02\/img_20250210_171041-1024x766.jpg\" alt=\"\" class=\"wp-image-33435\" srcset=\"https:\/\/bckszczuczyn.pl\/wp-content\/uploads\/2025\/02\/img_20250210_171041-1024x766.jpg 1024w, https:\/\/bckszczuczyn.pl\/wp-content\/uploads\/2025\/02\/img_20250210_171041-300x224.jpg 300w, https:\/\/bckszczuczyn.pl\/wp-content\/uploads\/2025\/02\/img_20250210_171041-768x575.jpg 768w, https:\/\/bckszczuczyn.pl\/wp-content\/uploads\/2025\/02\/img_20250210_171041-1536x1149.jpg 1536w, https:\/\/bckszczuczyn.pl\/wp-content\/uploads\/2025\/02\/img_20250210_171041-2048x1532.jpg 2048w\" sizes=\"auto, (max-width: 1024px) 100vw, 1024px\" \/><\/figure>\n\n\n\n<figure class=\"wp-block-image size-large\"><img loading=\"lazy\" decoding=\"async\" width=\"1024\" height=\"769\" data-id=\"33436\" src=\"http:\/\/bckszczuczyn.pl\/wp-content\/uploads\/2025\/02\/img_20250210_174423-1024x769.jpg\" alt=\"\" class=\"wp-image-33436\" srcset=\"https:\/\/bckszczuczyn.pl\/wp-content\/uploads\/2025\/02\/img_20250210_174423-1024x769.jpg 1024w, https:\/\/bckszczuczyn.pl\/wp-content\/uploads\/2025\/02\/img_20250210_174423-300x225.jpg 300w, https:\/\/bckszczuczyn.pl\/wp-content\/uploads\/2025\/02\/img_20250210_174423-768x577.jpg 768w, https:\/\/bckszczuczyn.pl\/wp-content\/uploads\/2025\/02\/img_20250210_174423-1536x1154.jpg 1536w, https:\/\/bckszczuczyn.pl\/wp-content\/uploads\/2025\/02\/img_20250210_174423-2048x1538.jpg 2048w\" sizes=\"auto, (max-width: 1024px) 100vw, 1024px\" \/><\/figure>\n<\/figure>\n\n\n\n<p>Wczorajsze popo\u0142udnie up\u0142yn\u0119\u0142o pod znakiem inspiruj\u0105cych dyskusji na temat klimatu. Po raz kolejny mieli\u015bmy zaszczyt go\u015bci\u0107 w naszej bibliotece Krzysztofa Jod\u0142owskiego \u2013 socjologa i do\u015bwiadczonego badacza, specjalizuj\u0105cego si\u0119 w spo\u0142ecznej adaptacji do zmian klimatycznych.<\/p>\n\n\n\n<p>Podczas spotkania rozmawiali\u015bmy o projektach Akademii Klimatycznej \u201eBiblioteki dla klimatu\u201d realizowanych w naszej bibliotece oraz o ich wp\u0142ywie na lokaln\u0105 \u015bwiadomo\u015b\u0107 klimatyczn\u0105. Serdecznie dzi\u0119kujemy Panu Krzysztofowi za cenne spostrze\u017cenia oraz grupie projektowej \u201eKlimatyczne Kobietki\u201d za ich niezawodne zaanga\u017cowanie!<\/p>\n\n\n\n<p>A. Akus-Szklarzewska<\/p>\n\n\n\n<p>A. Wojs\u0142aw<\/p>\n","protected":false},"excerpt":{"rendered":"<p>Wczorajsze popo\u0142udnie up\u0142yn\u0119\u0142o pod znakiem inspiruj\u0105cych dyskusji na temat klimatu. Po raz kolejny mieli\u015bmy zaszczyt go\u015bci\u0107 w naszej bibliotece Krzysztofa Jod\u0142owskiego \u2013 socjologa i do\u015bwiadczonego badacza, specjalizuj\u0105cego si\u0119 w spo\u0142ecznej adaptacji do zmian klimatycznych. Podczas spotkania rozmawiali\u015bmy o projektach Akademii Klimatycznej \u201eBiblioteki dla klimatu\u201d realizowanych&nbsp;<a class=\"read-more\" href=\"https:\/\/bckszczuczyn.pl\/?p=33433\">&hellip;<\/a><\/p>\n","protected":false},"author":1,"featured_media":33437,"comment_status":"open","ping_status":"open","sticky":false,"template":"","format":"standard","meta":{"footnotes":""},"categories":[4],"tags":[],"class_list":["post-33433","post","type-post","status-publish","format-standard","has-post-thumbnail","hentry","category-z-zycia-bck-w-szczuczynie"],"_links":{"self":[{"href":"https:\/\/bckszczuczyn.pl\/index.php?rest_route=\/wp\/v2\/posts\/33433","targetHints":{"allow":["GET"]}}],"collection":[{"href":"https:\/\/bckszczuczyn.pl\/index.php?rest_route=\/wp\/v2\/posts"}],"about":[{"href":"https:\/\/bckszczuczyn.pl\/index.php?rest_route=\/wp\/v2\/types\/post"}],"author":[{"embeddable":true,"href":"https:\/\/bckszczuczyn.pl\/index.php?rest_route=\/wp\/v2\/users\/1"}],"replies":[{"embeddable":true,"href":"https:\/\/bckszczuczyn.pl\/index.php?rest_route=%2Fwp%2Fv2%2Fcomments&post=33433"}],"version-history":[{"count":2,"href":"https:\/\/bckszczuczyn.pl\/index.php?rest_route=\/wp\/v2\/posts\/33433\/revisions"}],"predecessor-version":[{"id":33439,"href":"https:\/\/bckszczuczyn.pl\/index.php?rest_route=\/wp\/v2\/posts\/33433\/revisions\/33439"}],"wp:featuredmedia":[{"embeddable":true,"href":"https:\/\/bckszczuczyn.pl\/index.php?rest_route=\/wp\/v2\/media\/33437"}],"wp:attachment":[{"href":"https:\/\/bckszczuczyn.pl\/index.php?rest_route=%2Fwp%2Fv2%2Fmedia&parent=33433"}],"wp:term":[{"taxonomy":"category","embeddable":true,"href":"https:\/\/bckszczuczyn.pl\/index.php?rest_route=%2Fwp%2Fv2%2Fcategories&post=33433"},{"taxonomy":"post_tag","embeddable":true,"href":"https:\/\/bckszczuczyn.pl\/index.php?rest_route=%2Fwp%2Fv2%2Ftags&post=33433"}],"curies":[{"name":"wp","href":"https:\/\/api.w.org\/{rel}","templated":true}]}}