{"id":7397,"date":"2019-01-02T08:43:38","date_gmt":"2019-01-02T08:43:38","guid":{"rendered":"http:\/\/bckszczuczyn.pl\/?p=7397"},"modified":"2019-01-02T08:44:03","modified_gmt":"2019-01-02T08:44:03","slug":"konkursy-czytelnicze-biblioteki-centrum-kultury-w-szczuczynie","status":"publish","type":"post","link":"https:\/\/bckszczuczyn.pl\/?p=7397","title":{"rendered":"KONKURSY CZYTELNICZE BIBLIOTEKI &#8211; CENTRUM KULTURY W SZCZUCZYNIE"},"content":{"rendered":"\n<p><strong>Drodzy Czytelnicy i U\u017cytkownicy\nBiblioteki \u2013 Centrum Kultury w Szczuczynie,<\/strong><\/p>\n\n\n\n<p>Ju\u017c niebawem nast\u0105pi rozstrzygni\u0119cie drugiej edycji konkurs\u00f3w czytelniczych \u201eNajlepszy Czytelnik 2018\u201d Oddzia\u0142u dla Dzieci i Wypo\u017cyczalni dla Doros\u0142ych BCK w Szczuczynie. Poznamy nazwiska os\u00f3b, kt\u00f3re w dobie nieustannego rozwoju technologii, znajduj\u0105 czas na tradycyjne czytanie&nbsp; co w przypadku os\u00f3b najm\u0142odszych cieszy szczeg\u00f3lnie. <\/p>\n\n\n\n<p>A ju\u017c dzisiaj z wielk\u0105 rado\u015bci\u0105 og\u0142aszamy trzeci\u0105 edycj\u0119 konkurs\u00f3w czytelniczych: \u201eSuper Czytelnik 2019\u201d Oddzia\u0142u dla Dzieci i \u201eMisja \u2013 Ksi\u0105\u017cka 2019\u201d Wypo\u017cyczalni dla Doros\u0142ych. Trzecia edycja r\u00f3\u017cni\u0107 si\u0119 b\u0119dzie od poprzednich tym, \u017ce nagroda (mamy nadziej\u0119) b\u0119dzie wielk\u0105 niespodziank\u0105 dla wszystkich. &nbsp;Jednak czytelnicy b\u0119d\u0105 musieli uzbroi\u0107 si\u0119 w cierpliwo\u015b\u0107 gdy\u017c na wspomnian\u0105 niespodziank\u0119 poczekaj\u0105 okr\u0105g\u0142y rok. A du\u017ca liczba czytelnik\u00f3w sprawia, \u017ce rywalizacja jest zaci\u0119ta a sam wynik trudny do przewidzenia. Zagwarantowa\u0107 mo\u017cemy jedno \u2013 na pewno b\u0119dziecie zaskoczeni!<\/p>\n\n\n\n<p>Za\nka\u017cdym razem gdy og\u0142aszamy konkursy czytelnicze zadajemy sobie pytanie \u2013 czy\nmaj\u0105 one sens? Wielu z Was z pewno\u015bci\u0105 przyzna, \u017ce woli obejrze\u0107 film na\npodstawie ksi\u0105\u017cki ni\u017c czyta\u0107 sam\u0105 powie\u015b\u0107. Najcz\u0119\u015bciej usprawiedliwiamy si\u0119\nbrakiem czasu rzadziej lenistwem. Pojawiaj\u0105 si\u0119 te\u017c opinie w stylu \u201enie mam\ntakiej potrzeby aby czyta\u0107\u201d. Czy na pewno? A jak jest u Was? Co s\u0105dzicie o\nczytaniu? O ksi\u0105\u017ckach?<\/p>\n\n\n\n<p>Jedn\u0105\nz wielu misji Biblioteki \u2013 Centrum Kultury w Szczuczynie jest promocja\nczytelnictwa. Bogaty ksi\u0119gozbi\u00f3r, r\u00f3\u017cnorodno\u015b\u0107 gatunk\u00f3w literackich jakie\nzgromadzili\u015bmy pozwala nam przyci\u0105ga\u0107 czytelnik\u00f3w nawet o najbardziej\nwybrednych gustach. <\/p>\n\n\n\n<p><strong>Tak &#8211;&nbsp; g\u0142o\u015bno b\u0119dziemy m\u00f3wi\u0107 o tym, \u017ce czyta\u0107\ntrzeba, \u017ce im wi\u0119cej czytamy, tym wi\u0119ksz\u0105 mamy wiedz\u0119 og\u00f3ln\u0105 i szybciej\nodnajdujemy si\u0119 w r\u00f3\u017cnych sytuacjach. Czytaj\u0105c&nbsp;\npoprawiamy koncentracj\u0119&nbsp; i pami\u0119\u0107.\nCzytaj\u0105c rozwijamy wyobra\u017ani\u0119. Czytaj\u0105c wzbogacamy s\u0142ownictwo. Czytaj\u0105c nie\nnudzimy si\u0119! Dlatego te\u017c zach\u0119camy &#8211; &nbsp;si\u0119gajcie po ksi\u0105\u017cki. Przenie\u015bcie si\u0119 do\ninnych \u015bwiat\u00f3w, poznawajcie nowe postacie i miejsca, zagadnienia, problemy,\ntajemnice, przepisy, wizje czy opinie. Wyzwanie nie jest trudne. Tym bardziej,\n\u017ce nic Was nie ogranicza, Sami decydujecie co chcecie czyta\u0107. A przy okazji\nwe\u017amiecie udzia\u0142 w konkursie czytelniczym maj\u0105c szans\u0119 na zdobycie nagrody\nniespodzianki!<\/strong><\/p>\n\n\n\n<p>Warto\nczyta\u0107!<\/p>\n\n\n\n<p style=\"text-align:right\">Andrzej Kosmowski<\/p>\n\n\n\n<p style=\"text-align:right\">BCK SZCZUCZYN<\/p>\n\n\n\n<figure class=\"wp-block-image\"><img loading=\"lazy\" decoding=\"async\" width=\"1024\" height=\"713\" src=\"http:\/\/bckszczuczyn.pl\/wp-content\/uploads\/2019\/01\/1-1024x713.jpg\" alt=\"\" class=\"wp-image-7398\" srcset=\"https:\/\/bckszczuczyn.pl\/wp-content\/uploads\/2019\/01\/1-1024x713.jpg 1024w, https:\/\/bckszczuczyn.pl\/wp-content\/uploads\/2019\/01\/1-300x209.jpg 300w, https:\/\/bckszczuczyn.pl\/wp-content\/uploads\/2019\/01\/1-768x535.jpg 768w\" sizes=\"auto, (max-width: 1024px) 100vw, 1024px\" \/><\/figure>\n\n\n\n<div class=\"wp-block-file\"><a href=\"http:\/\/bckszczuczyn.pl\/wp-content\/uploads\/2019\/01\/REGULAMIN-Oddzia\u0142-dla-Dzieci.pdf\">REGULAMIN Oddzia\u0142 dla Dzieci<\/a><a href=\"http:\/\/bckszczuczyn.pl\/wp-content\/uploads\/2019\/01\/REGULAMIN-Oddzia\u0142-dla-Dzieci.pdf\" class=\"wp-block-file__button\" download>Pobierz<\/a><\/div>\n\n\n\n<figure class=\"wp-block-image\"><img loading=\"lazy\" decoding=\"async\" width=\"1024\" height=\"725\" src=\"http:\/\/bckszczuczyn.pl\/wp-content\/uploads\/2019\/01\/2-1024x725.jpg\" alt=\"\" class=\"wp-image-7400\" srcset=\"https:\/\/bckszczuczyn.pl\/wp-content\/uploads\/2019\/01\/2-1024x725.jpg 1024w, https:\/\/bckszczuczyn.pl\/wp-content\/uploads\/2019\/01\/2-300x212.jpg 300w, https:\/\/bckszczuczyn.pl\/wp-content\/uploads\/2019\/01\/2-768x544.jpg 768w\" sizes=\"auto, (max-width: 1024px) 100vw, 1024px\" \/><\/figure>\n\n\n\n<div class=\"wp-block-file\"><a href=\"http:\/\/bckszczuczyn.pl\/wp-content\/uploads\/2019\/01\/REGULAMIN-Wypo\u017cyczalnia-dla-Doros\u0142ych.pdf\">REGULAMIN Wypo\u017cyczalnia dla Doros\u0142ych<\/a><a href=\"http:\/\/bckszczuczyn.pl\/wp-content\/uploads\/2019\/01\/REGULAMIN-Wypo\u017cyczalnia-dla-Doros\u0142ych.pdf\" class=\"wp-block-file__button\" download>Pobierz<\/a><\/div>\n","protected":false},"excerpt":{"rendered":"<p>Drodzy Czytelnicy i U\u017cytkownicy Biblioteki \u2013 Centrum Kultury w Szczuczynie, Ju\u017c niebawem nast\u0105pi rozstrzygni\u0119cie drugiej edycji konkurs\u00f3w czytelniczych \u201eNajlepszy Czytelnik 2018\u201d Oddzia\u0142u dla Dzieci i Wypo\u017cyczalni dla Doros\u0142ych BCK w Szczuczynie. Poznamy nazwiska os\u00f3b, kt\u00f3re w dobie nieustannego rozwoju technologii, znajduj\u0105 czas na tradycyjne czytanie&nbsp;&nbsp;<a class=\"read-more\" href=\"https:\/\/bckszczuczyn.pl\/?p=7397\">&hellip;<\/a><\/p>\n","protected":false},"author":1,"featured_media":7398,"comment_status":"open","ping_status":"open","sticky":false,"template":"","format":"standard","meta":{"footnotes":""},"categories":[4],"tags":[],"class_list":["post-7397","post","type-post","status-publish","format-standard","has-post-thumbnail","hentry","category-z-zycia-bck-w-szczuczynie"],"_links":{"self":[{"href":"https:\/\/bckszczuczyn.pl\/index.php?rest_route=\/wp\/v2\/posts\/7397","targetHints":{"allow":["GET"]}}],"collection":[{"href":"https:\/\/bckszczuczyn.pl\/index.php?rest_route=\/wp\/v2\/posts"}],"about":[{"href":"https:\/\/bckszczuczyn.pl\/index.php?rest_route=\/wp\/v2\/types\/post"}],"author":[{"embeddable":true,"href":"https:\/\/bckszczuczyn.pl\/index.php?rest_route=\/wp\/v2\/users\/1"}],"replies":[{"embeddable":true,"href":"https:\/\/bckszczuczyn.pl\/index.php?rest_route=%2Fwp%2Fv2%2Fcomments&post=7397"}],"version-history":[{"count":2,"href":"https:\/\/bckszczuczyn.pl\/index.php?rest_route=\/wp\/v2\/posts\/7397\/revisions"}],"predecessor-version":[{"id":7403,"href":"https:\/\/bckszczuczyn.pl\/index.php?rest_route=\/wp\/v2\/posts\/7397\/revisions\/7403"}],"wp:featuredmedia":[{"embeddable":true,"href":"https:\/\/bckszczuczyn.pl\/index.php?rest_route=\/wp\/v2\/media\/7398"}],"wp:attachment":[{"href":"https:\/\/bckszczuczyn.pl\/index.php?rest_route=%2Fwp%2Fv2%2Fmedia&parent=7397"}],"wp:term":[{"taxonomy":"category","embeddable":true,"href":"https:\/\/bckszczuczyn.pl\/index.php?rest_route=%2Fwp%2Fv2%2Fcategories&post=7397"},{"taxonomy":"post_tag","embeddable":true,"href":"https:\/\/bckszczuczyn.pl\/index.php?rest_route=%2Fwp%2Fv2%2Ftags&post=7397"}],"curies":[{"name":"wp","href":"https:\/\/api.w.org\/{rel}","templated":true}]}}